{"id":40975,"date":"2026-09-03T09:51:24","date_gmt":"2026-09-03T09:51:24","guid":{"rendered":"https:\/\/clearingtheair.eu\/post\/un-medecin-un-economiste-et-lancien-chef-des-services-frontaliers-invitent-m-albanese-a-adopter-la-politique-antitabac-de-la-coalition\/"},"modified":"2026-09-03T09:52:01","modified_gmt":"2026-09-03T09:52:01","slug":"un-medecin-un-economiste-et-lancien-chef-des-services-frontaliers-invitent-m-albanese-a-adopter-la-politique-antitabac-de-la-coalition","status":"publish","type":"post","link":"https:\/\/clearingtheair.eu\/fr\/post\/un-medecin-un-economiste-et-lancien-chef-des-services-frontaliers-invitent-m-albanese-a-adopter-la-politique-antitabac-de-la-coalition\/","title":{"rendered":"Un m\u00e9decin, un \u00e9conomiste et l&rsquo;ancien chef des services frontaliers invitent M. Albanese \u00e0 adopter la politique antitabac de la Coalition"},"content":{"rendered":"<div class=\"clear-before-content-2\" style=\"margin-top: 20px;margin-bottom: 20px;margin-left: auto;margin-right: auto;text-align: center;\" id=\"clear-2348007532\"><a data-no-instant=\"1\" href=\"https:\/\/www.broughton-group.com\/nicotine?utm_campaign=43296353-Clearing%20the%20Air%20PPC%20Campaign%20-%202026&#038;utm_source=ppc&#038;utm_medium=Paid%20Ads\" rel=\"noopener\" class=\"a2t-link\" aria-label=\"728 x 90 (2)\"><img src=\"https:\/\/clearingtheair.eu\/wp-content\/uploads\/2026\/04\/728-x-90-2.png\" alt=\"\"  srcset=\"https:\/\/clearingtheair.eu\/wp-content\/uploads\/2026\/04\/728-x-90-2.png 728w, https:\/\/clearingtheair.eu\/wp-content\/uploads\/2026\/04\/728-x-90-2-300x37.png 300w, https:\/\/clearingtheair.eu\/wp-content\/uploads\/2026\/04\/728-x-90-2-370x46.png 370w, https:\/\/clearingtheair.eu\/wp-content\/uploads\/2026\/04\/728-x-90-2-600x74.png 600w\" sizes=\"(max-width: 728px) 100vw, 728px\" width=\"728\" height=\"90\"  style=\"display: inline-block;\" \/><\/a><\/div>\n<p class=\"wp-block-paragraph\"><strong>Jeudi, trois experts australiens ont \u00e9crit au Premier ministre pour l&rsquo;exhorter \u00e0 mettre en \u0153uvre la politique antitabac de son adversaire.<\/strong><\/p>\n\n<p class=\"wp-block-paragraph\">Les signataires sont le Dr Nick Coatsworth, m\u00e9decin-chef adjoint pendant la pand\u00e9mie ; Richard Holden, titulaire de la chaire d\u2019\u00e9conomie du vice-chancelier \u00e0 l\u2019UNSW ; et Rohan Pike, qui a fond\u00e9 en 2015 la \u00ab Tobacco Strike Team \u00bb (\u00e9quipe de lutte contre le tabac) au sein de l\u2019Australian Border Force. Ils d\u00e9crivent un march\u00e9 noir \u00ab unique au monde \u00bb et une violence criminelle qui \u00ab met \u00e0 mal notre tissu social \u00bb. <\/p>\n\n<blockquote class=\"wp-block-quote is-layout-flow wp-block-quote-is-layout-flow\">\n<p class=\"wp-block-paragraph\">\u00ab La perte du contr\u00f4le exerc\u00e9 par les pouvoirs publics sur le march\u00e9 du tabac au profit du crime organis\u00e9 porte directement atteinte \u00e0 la sant\u00e9 des Australiens, \u00bb  <\/p>\n<\/blockquote>\n\n<p class=\"wp-block-paragraph\">Ils \u00e9crivent, en faisant valoir que la perte de ce march\u00e9 a rendu les cigarettes plus accessibles, et non moins.<\/p>\n\n<p class=\"wp-block-paragraph\">Ils attribuent la responsabilit\u00e9 aux deux camps : les hausses successives des droits d\u2019accise sous les gouvernements travaillistes et de la Coalition. Le m\u00e9canisme, affirment-ils, est simple. \u00ab Le march\u00e9 illicite du tabac existe parce qu\u2019il est rentable, une rentabilit\u00e9 qui d\u00e9pend d\u2019un \u00e9cart important entre les produits l\u00e9gaux et illicites. \u00bb D\u2019o\u00f9 cette conclusion : \u00ab Cet \u00e9cart ne peut \u00eatre r\u00e9duit que par une baisse spectaculaire des droits d\u2019accise. \u00bb   <\/p>\n\n<p class=\"wp-block-paragraph\">La mesure qu\u2019ils soutiennent a \u00e9t\u00e9 annonc\u00e9e le m\u00eame matin par le chef de l\u2019opposition, Angus Taylor : r\u00e9duire de 80 % l\u2019accise sur le tabac, faisant passer la taxe sur un paquet de 20 cigarettes d\u2019environ 30 dollars \u00e0 6 dollars ; l\u00e9galiser et taxer les cigarettes \u00e9lectroniques et les sachets de nicotine ; et financer une campagne de contr\u00f4le renforc\u00e9e \u00e0 hauteur de 200 millions de dollars. La lettre reconna\u00eet l\u2019ampleur de cette r\u00e9duction tout en la d\u00e9fendant : le chiffre de 80 % \u00ab est consid\u00e9rable, mais il est n\u00e9anmoins n\u00e9cessaire \u00bb. <\/p>\n\n<p class=\"wp-block-paragraph\"><a href=\"https:\/\/www.abs.gov.au\/articles\/household-consumption-illicit-tobacco-and-nicotine-products\" rel=\"nofollow noopener\" target=\"_blank\">Les estimations du Bureau australien des statistiques<\/a> publi\u00e9es en juin ont r\u00e9v\u00e9l\u00e9 que le march\u00e9 noir fournissait 80 % de l&rsquo;ensemble du tabac et de la nicotine consomm\u00e9s en Australie en 2025, contre 12 % en 2017. Les volumes l\u00e9gaux sont tomb\u00e9s \u00e0 moins d&rsquo;un tiers de leur niveau de 2017. Les prix l\u00e9gaux ont presque tripl\u00e9 ; les prix illicites n&rsquo;ont pratiquement pas \u00e9volu\u00e9.  <\/p>\n\n<p class=\"wp-block-paragraph\">La consommation totale de nicotine a augment\u00e9 de pr\u00e8s de 40 % entre 2017 et 2025, alors que la croissance d\u00e9mographique s&rsquo;est \u00e9lev\u00e9e \u00e0 14 %. L&rsquo;Australie n&rsquo;a pas r\u00e9duit la consommation de nicotine. Elle a transf\u00e9r\u00e9 ce march\u00e9 au crime organis\u00e9, qui l&rsquo;a d\u00e9velopp\u00e9.  <\/p>\n\n<p class=\"wp-block-paragraph\">Le troisi\u00e8me pilier de cette lettre est la r\u00e9duction des risques : \u00e9radiquer le commerce illicite revient \u00e0 \u00ab encourager nos fumeurs \u00e0 opter pour une alternative plus s\u00fbre, \u00e0 savoir les cigarettes \u00e9lectroniques r\u00e9glement\u00e9es, r\u00e9duisant ainsi la demande en tabac \u00bb. Les cigarettes \u00e9lectroniques ne sont actuellement vendues l\u00e9galement qu\u2019en pharmacie et les sachets sont purement et simplement interdits, ce qui, selon les estimations de M. Pike, a pouss\u00e9 environ 95 % du march\u00e9 australien de la cigarette \u00e9lectronique vers le march\u00e9 noir. Les produits qui remplacent la combustion sont plus difficiles \u00e0 acheter l\u00e9galement que les cigarettes qu\u2019ils remplacent. La Coalition pr\u00e9voit de taxer les e-liquides \u00e0 raison de 50 centimes par millilitre et les sachets \u00e0 raison de 2,5 centimes par milligramme de nicotine.   <\/p>\n\n<p class=\"wp-block-paragraph\">Quelques heures avant l\u2019envoi de la lettre, <a href=\"https:\/\/www.examiner.com.au\/story\/9342850\/alleged-tobacco-shop-arsonist-now-fighting-for-his-life\/\" rel=\"nofollow noopener\" target=\"_blank\">un bureau de tabac situ\u00e9 sur High Street, \u00e0 Melton, a \u00e9t\u00e9 la cible d\u2019un incendie criminel<\/a>; les cam\u00e9ras de vid\u00e9osurveillance ont film\u00e9 un homme en train de s\u2019immoler par le feu, tandis qu\u2019un deuxi\u00e8me homme, \u00e2g\u00e9 d\u2019une vingtaine d\u2019ann\u00e9es, a \u00e9t\u00e9 gravement br\u00fbl\u00e9 et se trouve entre la vie et la mort. Il s\u2019agit de l\u2019un des plus de 150 incendies de bureaux de tabac survenus dans l\u2019\u00c9tat de Victoria depuis mars 2023. La brigade charg\u00e9e de la lutte contre la criminalit\u00e9 en bande de la police de l\u2019\u00c9tat de Victoria a men\u00e9 plus de 350 perquisitions et proc\u00e9d\u00e9 \u00e0 au moins 212 arrestations. Katie Tangey, 27 ans, est d\u00e9c\u00e9d\u00e9e en janvier 2025 lorsque des pyromanes se sont tromp\u00e9s d\u2019adresse \u00e0 Truganina.   <\/p>\n\n<p class=\"wp-block-paragraph\">Le Parti travailliste affirme qu&rsquo;il n&rsquo;existe aucune preuve qu&rsquo;une r\u00e9duction permettrait de mettre fin au commerce illicite.<\/p>\n<div class=\"clear-after-content\" style=\"margin-top: 20px;margin-bottom: 20px;margin-left: auto;margin-right: auto;text-align: center;\" id=\"clear-3651533358\"><a data-no-instant=\"1\" href=\"https:\/\/www.broughton-group.com\/nicotine?utm_campaign=43296353-Clearing%20the%20Air%20PPC%20Campaign%20-%202026&#038;utm_source=ppc&#038;utm_medium=Paid%20Ads\" rel=\"noopener\" class=\"a2t-link\" aria-label=\"728 x 90 (2)\"><img src=\"https:\/\/clearingtheair.eu\/wp-content\/uploads\/2026\/04\/728-x-90-2.png\" alt=\"\"  srcset=\"https:\/\/clearingtheair.eu\/wp-content\/uploads\/2026\/04\/728-x-90-2.png 728w, https:\/\/clearingtheair.eu\/wp-content\/uploads\/2026\/04\/728-x-90-2-300x37.png 300w, https:\/\/clearingtheair.eu\/wp-content\/uploads\/2026\/04\/728-x-90-2-370x46.png 370w, https:\/\/clearingtheair.eu\/wp-content\/uploads\/2026\/04\/728-x-90-2-600x74.png 600w\" sizes=\"(max-width: 728px) 100vw, 728px\" width=\"728\" height=\"90\"  style=\"display: inline-block;\" \/><\/a><\/div>","protected":false},"excerpt":{"rendered":"<p>Jeudi, trois experts australiens ont \u00e9crit au Premier ministre pour l&rsquo;exhorter \u00e0 mettre en \u0153uvre la politique antitabac de son adversaire. Les signataires sont le Dr Nick Coatsworth, m\u00e9decin-chef adjoint pendant la pand\u00e9mie ; Richard Holden, titulaire de la chaire d\u2019\u00e9conomie du&hellip;<\/p>\n","protected":false},"author":990005,"featured_media":40963,"comment_status":"open","ping_status":"open","sticky":false,"template":"","format":"standard","meta":{"footnotes":""},"categories":[267],"tags":[364,587,381],"slider":[],"class_list":["post-40975","post","type-post","status-publish","format-standard","has-post-thumbnail","hentry","category-news","tag-australia-fr","tag-cigarettes-electroniques","tag-nicotine-fr"],"_links":{"self":[{"href":"https:\/\/clearingtheair.eu\/fr\/wp-json\/wp\/v2\/posts\/40975","targetHints":{"allow":["GET"]}}],"collection":[{"href":"https:\/\/clearingtheair.eu\/fr\/wp-json\/wp\/v2\/posts"}],"about":[{"href":"https:\/\/clearingtheair.eu\/fr\/wp-json\/wp\/v2\/types\/post"}],"author":[{"embeddable":true,"href":"https:\/\/clearingtheair.eu\/fr\/wp-json\/wp\/v2\/users\/990005"}],"replies":[{"embeddable":true,"href":"https:\/\/clearingtheair.eu\/fr\/wp-json\/wp\/v2\/comments?post=40975"}],"version-history":[{"count":1,"href":"https:\/\/clearingtheair.eu\/fr\/wp-json\/wp\/v2\/posts\/40975\/revisions"}],"predecessor-version":[{"id":40978,"href":"https:\/\/clearingtheair.eu\/fr\/wp-json\/wp\/v2\/posts\/40975\/revisions\/40978"}],"wp:featuredmedia":[{"embeddable":true,"href":"https:\/\/clearingtheair.eu\/fr\/wp-json\/wp\/v2\/media\/40963"}],"wp:attachment":[{"href":"https:\/\/clearingtheair.eu\/fr\/wp-json\/wp\/v2\/media?parent=40975"}],"wp:term":[{"taxonomy":"category","embeddable":true,"href":"https:\/\/clearingtheair.eu\/fr\/wp-json\/wp\/v2\/categories?post=40975"},{"taxonomy":"post_tag","embeddable":true,"href":"https:\/\/clearingtheair.eu\/fr\/wp-json\/wp\/v2\/tags?post=40975"},{"taxonomy":"slider","embeddable":true,"href":"https:\/\/clearingtheair.eu\/fr\/wp-json\/wp\/v2\/slider?post=40975"}],"curies":[{"name":"wp","href":"https:\/\/api.w.org\/{rel}","templated":true}]}}