{"id":21187,"date":"2024-06-04T14:46:12","date_gmt":"2024-06-04T14:46:12","guid":{"rendered":"https:\/\/clearingtheair.eu\/post\/la-lega-europea-contro-il-cancro-vuole-uneuropa-libera-dal-tabacco-ma-non-parla-affatto-di-tabacco-perche\/"},"modified":"2024-06-04T14:46:12","modified_gmt":"2024-06-04T14:46:12","slug":"la-lega-europea-contro-il-cancro-vuole-uneuropa-libera-dal-tabacco-ma-non-parla-affatto-di-tabacco-perche","status":"publish","type":"post","link":"https:\/\/clearingtheair.eu\/it\/post\/la-lega-europea-contro-il-cancro-vuole-uneuropa-libera-dal-tabacco-ma-non-parla-affatto-di-tabacco-perche\/","title":{"rendered":"La Lega europea contro il cancro vuole un&#8217;Europa libera dal tabacco, ma non parla affatto di tabacco. Perch\u00e9?"},"content":{"rendered":"<div class=\"clear-before-content-2\" style=\"margin-top: 20px;margin-bottom: 20px;margin-left: auto;margin-right: auto;text-align: center;\" id=\"clear-1808842819\"><img src=\"https:\/\/clearingtheair.eu\/wp-content\/uploads\/2026\/04\/caafc5c68900198b80aee12c11b50184.avif\" alt=\"\"   style=\"display: inline-block;\" \/><\/div><p id=\"\"><strong id=\"\">Questo titolo non \u00e8 una domanda retorica: \u00e8 quello che abbiamo pensato dopo aver visto la replica su YouTube di una conferenza organizzata dalla European Cancer League.<\/strong><\/p>\n<p id=\"\">&#8220;Come far\u00e0 l&#8217;Europa a raggiungere la prima generazione senza tabacco?&#8221;, si chiede il titolo del webinar. Ci sembra giusto, quindi presumibilmente si parler\u00e0 di come ridurre la diffusione del fumo. Dopotutto, le sigarette rappresentano oltre il 90% del mercato europeo della nicotina e uccidono la met\u00e0 dei loro consumatori. Giusto?   <\/p>\n<p id=\"\">Sbagliato.<\/p>\n<p id=\"\">Durante l&#8217;intera conferenza telefonica, durata un&#8217;ora e 40 minuti, \u00e8 stato fatto un solo accenno al fumo; e questo \u00e8 servito quasi a sottolineare quanto siano lontani dalla missione di ridurre le malattie legate al fumo molti operatori della sanit\u00e0 pubblica.<\/p>\n<p id=\"\">\u200d<strong id=\"\"><em id=\"\">Ma perch\u00e9 non parliamo di fumo?<\/em><\/strong><\/p>\n<p id=\"\">Verso la fine del webinar, un partecipante che ha posto una domanda anonima ha ricevuto una risposta molto particolare dalla moderatrice Mariam Zaidi, che ci \u00e8 sembrata piuttosto eloquente. Puoi guardarlo integralmente qui sotto &#8211; abbiamo iniziato la clip in cui \u00e8 successo tutto questo: <\/p>\n<div data-rt-embed-type=\"true\"><\/div>\n<p id=\"\">La domanda apparentemente posta era perch\u00e9 il gruppo di esperti parlasse solo di sigarette elettroniche quando i prodotti tradizionali rappresentano ancora il 95% del mercato. Sembra un&#8217;osservazione sensata. Ma Zaidi sembrava scioccato.  <\/p>\n<blockquote id=\"\"><p>&#8220;Ho pensato: &#8216;Non \u00e8 possibile che qualcuno faccia questa domanda&#8217;&#8221;, dice Zaidi a mo&#8217; di introduzione, per poi rimproverare il partecipante che ha avuto la temerariet\u00e0 di farla: &#8220;Non dovresti fare questa domanda&#8221;.<\/p><\/blockquote>\n<p id=\"\">Zaidi prosegue poi suggerendo che la domanda era del tipo &#8220;perch\u00e9 dovremmo interessarci a prodotti nuovi ed emergenti?&#8221;.&nbsp;<\/p>\n<p id=\"\">La reazione di Zaidi a quella che dovrebbe essere una domanda abbastanza elementare: perch\u00e9 non parliamo dei prodotti che dominano il mercato e uccidono le persone in un seminario sulla politica del tabacco, la dice lunga sul disprezzo con cui molti nell&#8217;establishment della salute pubblica vedono chi offre anche il minimo disaccordo con il loro dogma.<\/p>\n<p id=\"\"><strong id=\"\"><em id=\"\">Ma non \u00e8 tutto&#8230;<\/em><\/strong><\/p>\n<p id=\"\">La stranezza dell&#8217;intero evento \u00e8 iniziata fin dall&#8217;inizio, quando Lilia Olefir &#8211; che dirige la lobby europea per il controllo del tabacco &#8220;Smoke Free Partnership&#8221; &#8211; ha mostrato al pubblico un&#8217;immagine di un prodotto francese chiamato &#8220;sniffy&#8221;, che a quanto pare pu\u00f2 essere acquistato nelle tabaccherie in Francia e che sembra essere usato come la cocaina. Sembra spaventoso, vero? <\/p>\n<p id=\"\">\u200d<\/p>\n<figure id=\"\" class=\"w-richtext-figure-type-image w-richtext-align-fullwidth\" style=\"max-width:463px\" data-rt-type=\"image\" data-rt-align=\"fullwidth\" data-rt-max-width=\"463px\">\n<div id=\"\"><\/div>\n<\/figure>\n<p id=\"\">\u200d<\/p>\n<p id=\"\">Ma \u00e8 proprio questo il punto. Non avevamo mai sentito parlare di questo prodotto e Google non ci \u00e8 stato d&#8217;aiuto, ma per fortuna un partecipante, il Dr. Jerome Foucard, era a disposizione per darci spiegazioni. <\/p>\n<blockquote id=\"\"><p>&#8220;Non c&#8217;\u00e8 nicotina in questo prodotto&#8221;, ha detto al pubblico in un modo molto diretto. Ok, allora perch\u00e9 era rilevante per la Smoke-Free Partnership o per il webinar? &nbsp;<\/p><\/blockquote>\n<p id=\"\">Possiamo solo supporre che sia stato usato per spaventare i partecipanti e le autorit\u00e0 di regolamentazione, senza considerare che \u00e8 completamente irrilevante per il dibattito: &#8220;sembra un consumo di droghe pesanti, quindi vediamo se riusciamo a collegarlo in qualche modo&#8221;, devono aver pensato.<\/p>\n<p id=\"\">Merito di Foucard: ha menzionato pi\u00f9 volte che il vaping \u00e8 chiaramente molto meno dannoso del fumo, con grande disappunto del rappresentante dell&#8217;OMS presente nel panel.<\/p>\n<p id=\"\"><strong id=\"\"><em id=\"\">Le dichiarazioni prive di prove abbondano<\/em><\/strong><\/p>\n<p id=\"\">Siamo stati anche un po&#8217; sorpresi dall&#8217;ignoranza di alcuni dei partecipanti al panel riguardo ai prodotti che tutti odiano cos\u00ec tanto.<\/p>\n<blockquote id=\"\"><p><em id=\"\">&#8220;I dati e le prove dimostrano che i fumatori di 40-50 anni&#8230; usano l&#8217;aroma di tabacco, non l&#8217;aroma di nuvola o di caramella&#8221; ha affermato Carlos Torrado Ortega, della Lega Europea contro il Cancro. Quali dati e quali prove, ci siamo chiesti? <\/em><\/p><\/blockquote>\n<p id=\"\">Siamo felici di essere corretti su questo punto, ma non siamo riusciti a trovare un singolo studio che supporti l&#8217;affermazione che i fumatori pi\u00f9 anziani che utilizzano il vaping per smettere di fumare utilizzino solo l&#8217;aroma di tabacco, ma possiamo trovare molte prove del contrario.<\/p>\n<p id=\"\">Molte delle analisi che abbiamo trovato sono inconcludenti, ma quelle che sono giunte a conclusioni definitive sottolineano l&#8217;importanza degli aromi diversi dal tabacco per i fumatori adulti che vogliono smettere. Uno studio della Nuova Zelanda conclude che: <\/p>\n<p><em id=\"\">I sapori svolgono un ruolo importante nell&#8217;iniziazione al vaping per i fumatori attuali, gli ex fumatori e i non fumatori sensibili al vaping, e rimangono importanti per coloro che continuano a farlo. I nostri risultati evidenziano la necessit\u00e0 di una regolamentazione che consenta una certa diversit\u00e0 di sapori. <\/em><\/p>\n<p id=\"\">Un altro, proveniente dal Regno Unito, sottolinea l&#8217;importanza dei consigli sui gusti specifici per aiutare a smettere di fumare:<\/p>\n<p id=\"\">&#8220;La semplicit\u00e0 di un supporto personalizzato attraverso consigli sul gusto e messaggi di supporto potrebbe avere un enorme impatto nell&#8217;aiutare le persone a condurre una vita senza fumo&#8221;, <a href=\"https:\/\/www.theguardian.com\/society\/2023\/jul\/16\/smokers-who-get-e-cigarette-flavour-advice-more-likely-to-quit-report-finds\" id=\"\" rel=\"nofollow noopener\" target=\"_blank\">conclude l&#8217;autore dello studio<\/a>.<\/p>\n<p id=\"\">\u00c8 vero, si tratta di due studi tra i tanti, e altri mettono in dubbio il ruolo degli aromi quando si tratta di smettere di fumare. Ma nessuno degli studi che abbiamo trovato suggerisce che i fumatori pi\u00f9 anziani desiderino solo gli aromi del tabacco. Quindi perch\u00e9 dirlo?  <\/p>\n<p id=\"\">Ortega ha mostrato anche maggiori lacune nelle sue conoscenze quando si trattava di sacchetti di nicotina:<\/p>\n<blockquote id=\"\"><p><em id=\"\">&#8220;Vedi tutte queste caramelle colorate e le metti in bocca, ma quello che non sai \u00e8 che possono contenere fino a 40 mg di nicotina&#8221;, afferma con disinvoltura.<\/em><\/p><\/blockquote>\n<p id=\"\">Se stai usando una busta con 40 mg di nicotina, la sgradevole sensazione di bruciore te lo far\u00e0 capire molto presto.<\/p>\n<p id=\"\">Ortega prosegue dicendo al pubblico che &#8220;quando vorrai pi\u00f9 sacchetti di nicotina, vorrai pi\u00f9 sigarette elettroniche, e poi vorrai provare anche le sigarette normali&#8221;.<\/p>\n<p id=\"\">Ancora una volta, dove sono le prove di tutto questo? Non ne conosciamo; quello che sappiamo \u00e8 che un prodotto analogico &#8211; il tabacco da fiuto &#8211; \u00e8 presente sul mercato svedese da decenni e il consumo di sigarette \u00e8 sceso a quasi il 5%: se Ortega avesse ragione, ci si aspetterebbe che la Svezia abbia tassi di fumo pi\u00f9 alti che altrove. <\/p>\n<p id=\"\"><strong id=\"\"><em id=\"\">Combattere sporco<\/em><\/strong><\/p>\n<p id=\"\">Potremmo continuare, ma questo ti d\u00e0 un&#8217;idea abbastanza precisa di ci\u00f2 che \u00e8 successo. L <a href=\"https:\/\/www.youtube.com\/clip\/Ugkxoe96vZNNLH9RYQh2wffgTakmsctHfMjt\" id=\"\" rel=\"nofollow noopener\" target=\"_blank\">&#8216;intero webinar \u00e8 disponibile sul canale YouTube della Lega Europea contro il Cancro<\/a> per coloro che sono abbastanza masochisti da volerlo guardare per intero.&nbsp;<\/p>\n<p id=\"\">Ma il punto \u00e8 questo: le organizzazioni che hanno presentato questo webinar &#8211; l&#8217;OMS, la Smoke Free Partnership, la European Cancer League e cos\u00ec via &#8211; vogliono disperatamente che l&#8217;UE regolamenti i prodotti a base di nicotina pi\u00f9 sicuri, il loro potere lobbistico \u00e8 grande e non tollerano il dissenso. I prossimi anni, quando l&#8217;Unione Europea decider\u00e0 se e come aumentare la regolamentazione dei prodotti con nicotina pi\u00f9 sicuri, saranno caratterizzati da questo tipo di campagne; anche i consumatori devono essere pronti a lottare. <\/p>\n<p id=\"\">\u200d<\/p>\n<div class=\"clear-after-content-2\" style=\"margin-top: 20px;margin-bottom: 20px;margin-left: auto;margin-right: auto;text-align: center;\" id=\"clear-3834372649\"><img src=\"https:\/\/clearingtheair.eu\/wp-content\/uploads\/2026\/04\/caafc5c68900198b80aee12c11b50184.avif\" alt=\"\"   style=\"display: inline-block;\" \/><\/div>","protected":false},"excerpt":{"rendered":"<p>Questo titolo non \u00e8 una domanda retorica: \u00e8 quello che abbiamo pensato dopo aver visto la replica su YouTube di una conferenza organizzata dalla European Cancer League.<\/p>\n","protected":false},"author":990003,"featured_media":21192,"comment_status":"open","ping_status":"open","sticky":false,"template":"","format":"standard","meta":{"footnotes":""},"categories":[294],"tags":[372,405,421,420],"slider":[],"class_list":["post-21187","post","type-post","status-publish","format-standard","has-post-thumbnail","hentry","category-notizie","tag-nicotina","tag-regno-unito","tag-svezia","tag-unione-europea"],"_links":{"self":[{"href":"https:\/\/clearingtheair.eu\/it\/wp-json\/wp\/v2\/posts\/21187","targetHints":{"allow":["GET"]}}],"collection":[{"href":"https:\/\/clearingtheair.eu\/it\/wp-json\/wp\/v2\/posts"}],"about":[{"href":"https:\/\/clearingtheair.eu\/it\/wp-json\/wp\/v2\/types\/post"}],"author":[{"embeddable":true,"href":"https:\/\/clearingtheair.eu\/it\/wp-json\/wp\/v2\/users\/990003"}],"replies":[{"embeddable":true,"href":"https:\/\/clearingtheair.eu\/it\/wp-json\/wp\/v2\/comments?post=21187"}],"version-history":[{"count":0,"href":"https:\/\/clearingtheair.eu\/it\/wp-json\/wp\/v2\/posts\/21187\/revisions"}],"wp:featuredmedia":[{"embeddable":true,"href":"https:\/\/clearingtheair.eu\/it\/wp-json\/wp\/v2\/media\/21192"}],"wp:attachment":[{"href":"https:\/\/clearingtheair.eu\/it\/wp-json\/wp\/v2\/media?parent=21187"}],"wp:term":[{"taxonomy":"category","embeddable":true,"href":"https:\/\/clearingtheair.eu\/it\/wp-json\/wp\/v2\/categories?post=21187"},{"taxonomy":"post_tag","embeddable":true,"href":"https:\/\/clearingtheair.eu\/it\/wp-json\/wp\/v2\/tags?post=21187"},{"taxonomy":"slider","embeddable":true,"href":"https:\/\/clearingtheair.eu\/it\/wp-json\/wp\/v2\/slider?post=21187"}],"curies":[{"name":"wp","href":"https:\/\/api.w.org\/{rel}","templated":true}]}}