{"id":26686,"date":"2025-09-23T10:41:27","date_gmt":"2025-09-23T10:41:27","guid":{"rendered":"https:\/\/clearingtheair.eu\/post\/la-tassa-sul-vape-in-irlanda-entrera-in-vigore-entro-la-fine-dellanno\/"},"modified":"2025-09-23T10:42:12","modified_gmt":"2025-09-23T10:42:12","slug":"la-tassa-sul-vape-in-irlanda-entrera-in-vigore-entro-la-fine-dellanno","status":"publish","type":"post","link":"https:\/\/clearingtheair.eu\/it\/post\/la-tassa-sul-vape-in-irlanda-entrera-in-vigore-entro-la-fine-dellanno\/","title":{"rendered":"La tassa sul vape in Irlanda entrer\u00e0 in vigore entro la fine dell&#8217;anno"},"content":{"rendered":"<div class=\"clear-before-content-2\" style=\"margin-top: 20px;margin-bottom: 20px;margin-left: auto;margin-right: auto;text-align: center;\" id=\"clear-3464532426\"><img src=\"https:\/\/clearingtheair.eu\/wp-content\/uploads\/2026\/04\/caafc5c68900198b80aee12c11b50184.avif\" alt=\"\"   style=\"display: inline-block;\" \/><\/div>\n<p><strong>La tassa sui liquidi da svapo, che in Irlanda \u00e8 stata rinviata, sar\u00e0 introdotta &#8220;probabilmente&#8221; entro la fine di quest&#8217;anno e i preparativi per la sua attuazione sono stati definiti &#8220;ben avanzati&#8221;.<\/strong><\/p>\n\n<p>Nel bilancio 2025, l&#8217;allora ministro delle finanze Jack Chambers annunci\u00f2 che un&#8217;imposta di 50 centesimi per millilitro sarebbe stata applicata a tutti gli e-liquid. All&#8217;epoca disse: &#8220;Un tipico vape usa e getta contiene 2 ml di e-liquid e costa circa 8 euro. Questa nuova tassa porter\u00e0 il prezzo di questo prodotto a 9,23 euro, IVA inclusa&#8221;. <\/p>\n\n<p>Tuttavia, Chambers ha anche affermato che &#8220;a causa delle sfide operative e amministrative associate a questa misura, non inizier\u00e0 prima della met\u00e0 del prossimo anno&#8221;. Questo obiettivo \u00e8 poi slittato. <\/p>\n\n<h3 class=\"wp-block-heading\"><strong>La tassa \u00e8 quasi pronta per essere implementata<\/strong><\/h3>\n\n<p>Una portavoce dell&#8217;attuale ministro delle finanze Paschal Donohoe ha dichiarato al quotidiano Irish Examiner che la misura fiscale \u00e8 quasi pronta per essere attuata.  <\/p>\n\n<p>&#8220;I preparativi per lo sviluppo di sistemi informatici sicuri e funzionali, i processi di registrazione, i controlli di conformit\u00e0 e i supporti operativi per garantire che l&#8217;imposta venga riscossa in modo efficiente ed equo sono a buon punto e rimangono in linea con l&#8217;entrata in vigore dell&#8217;imposta sui prodotti liquidi elettronici nel prossimo periodo&#8221;, ha dichiarato.<\/p>\n\n<p>La portavoce ha dichiarato che i Commissari delle Entrate incontreranno i gruppi rappresentativi del settore alla fine del mese per fornire indicazioni sulla nuova tassa e sulle sue modalit\u00e0 di funzionamento. Prima dell&#8217;inizio della misura, ha aggiunto la portavoce, i fornitori saranno informati su come registrarsi per la tassa sui prodotti liquidi elettronici. <\/p>\n\n<h3 class=\"wp-block-heading\"><strong>Pi\u00f9 restrizioni sul vaping<\/strong><\/h3>\n\n<p>La mossa arriva mentre il governo irlandese continua a <a href=\"https:\/\/clearingtheair.eu\/en\/post\/irelands-crackdown-on-vape-sales-to-minors-proves-ineffective\/\">inasprire le restrizioni sul vaping<\/a>, in particolare per limitare l&#8217;uso da parte dei giovani. Nel dicembre 2023 \u00e8 diventato illegale vendere vapes con nicotina ai minori di 18 anni in Irlanda. Ma i dati pubblicati quest&#8217;estate mostrano che da allora pi\u00f9 di 100 rivenditori sono stati sorpresi a violare la legge.  <\/p>\n\n<p>Il Servizio Nazionale di Salute Ambientale dell&#8217;HSE ha effettuato 389 ispezioni di acquisto di prova nel 2024 e 52 sono risultate non conformi. Altre 310 ispezioni nella prima met\u00e0 del 2025 hanno portato alla luce altri 50 casi di vendita a minori. <\/p>\n\n<p>Il deputato socialdemocratico Aidan Farrelly ha dichiarato: &#8220;Dobbiamo assicurarci che l&#8217;applicazione della legge funzioni. Si pu\u00f2 notare che il livello di ispezioni nella prima met\u00e0 di quest&#8217;anno \u00e8 quasi allo stesso livello di tutto l&#8217;anno scorso. Ma quello che voglio vedere \u00e8 il numero di non conformit\u00e0 rispetto alle azioni penali.    <\/p>\n\n<blockquote class=\"wp-block-quote is-layout-flow wp-block-quote-is-layout-flow\">\n<p>&#8220;I numeri [dei procedimenti giudiziari] sono molto bassi. Capisco che il sistema giudiziario possa avere problemi molto pi\u00f9 urgenti, ma una legge \u00e8 forte quanto la sua applicabilit\u00e0. Dobbiamo assicurarci che i rivenditori rispettino le regole&#8221;.<\/p>\n<\/blockquote>\n\n<p>Anche l&#8217;Irlanda si sta preparando a vietare i vapes usa e getta e a inasprire le regole su aromi, confezioni e pubblicit\u00e0.<\/p>\n<div class=\"clear-after-content-2\" style=\"margin-top: 20px;margin-bottom: 20px;margin-left: auto;margin-right: auto;text-align: center;\" id=\"clear-1713391688\"><img src=\"https:\/\/clearingtheair.eu\/wp-content\/uploads\/2026\/04\/caafc5c68900198b80aee12c11b50184.avif\" alt=\"\"   style=\"display: inline-block;\" \/><\/div>","protected":false},"excerpt":{"rendered":"<p>La tassa sui liquidi da svapo, che in Irlanda \u00e8 stata rinviata, sar\u00e0 introdotta &#8220;probabilmente&#8221; entro la fine di quest&#8217;anno e i preparativi per la sua attuazione sono stati definiti &#8220;ben avanzati&#8221;. Nel bilancio 2025, l&#8217;allora ministro delle finanze Jack Chambers annunci\u00f2&hellip;<\/p>\n","protected":false},"author":990002,"featured_media":26674,"comment_status":"open","ping_status":"open","sticky":false,"template":"","format":"standard","meta":{"footnotes":""},"categories":[294],"tags":[],"slider":[],"class_list":["post-26686","post","type-post","status-publish","format-standard","has-post-thumbnail","hentry","category-notizie"],"_links":{"self":[{"href":"https:\/\/clearingtheair.eu\/it\/wp-json\/wp\/v2\/posts\/26686","targetHints":{"allow":["GET"]}}],"collection":[{"href":"https:\/\/clearingtheair.eu\/it\/wp-json\/wp\/v2\/posts"}],"about":[{"href":"https:\/\/clearingtheair.eu\/it\/wp-json\/wp\/v2\/types\/post"}],"author":[{"embeddable":true,"href":"https:\/\/clearingtheair.eu\/it\/wp-json\/wp\/v2\/users\/990002"}],"replies":[{"embeddable":true,"href":"https:\/\/clearingtheair.eu\/it\/wp-json\/wp\/v2\/comments?post=26686"}],"version-history":[{"count":1,"href":"https:\/\/clearingtheair.eu\/it\/wp-json\/wp\/v2\/posts\/26686\/revisions"}],"predecessor-version":[{"id":26687,"href":"https:\/\/clearingtheair.eu\/it\/wp-json\/wp\/v2\/posts\/26686\/revisions\/26687"}],"wp:featuredmedia":[{"embeddable":true,"href":"https:\/\/clearingtheair.eu\/it\/wp-json\/wp\/v2\/media\/26674"}],"wp:attachment":[{"href":"https:\/\/clearingtheair.eu\/it\/wp-json\/wp\/v2\/media?parent=26686"}],"wp:term":[{"taxonomy":"category","embeddable":true,"href":"https:\/\/clearingtheair.eu\/it\/wp-json\/wp\/v2\/categories?post=26686"},{"taxonomy":"post_tag","embeddable":true,"href":"https:\/\/clearingtheair.eu\/it\/wp-json\/wp\/v2\/tags?post=26686"},{"taxonomy":"slider","embeddable":true,"href":"https:\/\/clearingtheair.eu\/it\/wp-json\/wp\/v2\/slider?post=26686"}],"curies":[{"name":"wp","href":"https:\/\/api.w.org\/{rel}","templated":true}]}}