{"id":26700,"date":"2025-09-24T11:21:25","date_gmt":"2025-09-24T11:21:25","guid":{"rendered":"https:\/\/clearingtheair.eu\/post\/il-belgio-conferma-il-divieto-di-fumo-e-vaping-allaperto-a-partire-dal-2027\/"},"modified":"2025-09-24T11:21:40","modified_gmt":"2025-09-24T11:21:40","slug":"il-belgio-conferma-il-divieto-di-fumo-e-vaping-allaperto-a-partire-dal-2027","status":"publish","type":"post","link":"https:\/\/clearingtheair.eu\/it\/post\/il-belgio-conferma-il-divieto-di-fumo-e-vaping-allaperto-a-partire-dal-2027\/","title":{"rendered":"Il Belgio conferma il divieto di fumo e vaping all&#8217;aperto a partire dal 2027"},"content":{"rendered":"<div class=\"clear-before-content-2\" style=\"margin-top: 20px;margin-bottom: 20px;margin-left: auto;margin-right: auto;text-align: center;\" id=\"clear-326739994\"><img src=\"https:\/\/clearingtheair.eu\/wp-content\/uploads\/2026\/04\/caafc5c68900198b80aee12c11b50184.avif\" alt=\"\"   style=\"display: inline-block;\" \/><\/div>\n<p><strong>Il Belgio vieter\u00e0 il fumo e il vaping sulle terrazze pubbliche e nelle sale fumatori designate a partire dal 1\u00b0 gennaio 2027.<\/strong><\/p>\n\n<p>Il governo federale afferma che la misura riguarda le terrazze di ristoranti e caff\u00e8, nonch\u00e9 le sale fumatori negli aeroporti, i luoghi di ospitalit\u00e0 e i club che si rivolgono specificamente ai fumatori, compresi i bar di sigari e di shisha.<\/p>\n\n<p>Originariamente previsto per il 2026, il divieto \u00e8 stato posticipato di un anno per dare alle aziende pi\u00f9 tempo per adattarsi.<\/p>\n\n<h3 class=\"wp-block-heading\"><strong>Proteggere la salute delle persone<\/strong><\/h3>\n\n<p>Il Ministro della Salute Frank Vandenbroucke ha dichiarato che le nuove restrizioni mirano a ridurre l&#8217;esposizione al fumo e al vapore. &#8220;Proteggere la salute delle persone e creare un ambiente sano per tutti \u00e8 ci\u00f2 che conta per noi&#8221;, ha dichiarato. &#8220;Con queste misure impediamo a bambini e adulti di inalare involontariamente il fumo nocivo delle sigarette e facciamo in modo che le persone non siano tentate di accendersi una sigaretta&#8221;.  <\/p>\n\n<p>I locali devono esporre cartelli e intervenire se i clienti si accendono. Anche la fornitura di posacenere pu\u00f2 comportare sanzioni. <\/p>\n\n<h3 class=\"wp-block-heading\"><strong>Fumo in calo, vaping in aumento<\/strong><\/h3>\n\n<p>Secondo l&#8217;ultimo sondaggio Sciensano sulla salute, il 17,6% dei belgi fuma attualmente, con il 12,8% che fuma quotidianamente &#8211; un calo modesto rispetto al 2018. Al contrario, il vaping \u00e8 in aumento: il 21,7% dei belgi ha dichiarato di aver provato un dispositivo di svapo nel periodo 2023-24, con un uso pi\u00f9 comune tra i giovani. <\/p>\n\n<p>Gli esperti di riduzione del danno sostengono che accomunare il vaping al fumo rischia di compromettere gli sforzi per aiutare i fumatori a passare ad alternative meno dannose. Essi fanno riferimento a paesi come l&#8217;<a href=\"https:\/\/clearingtheair.eu\/en\/post\/5-black-market-fails-from-australia\/\">Australia<\/a>, dove i rigidi divieti sul vaping hanno alimentato i mercati illeciti e reso pi\u00f9 difficile l&#8217;accesso ai prodotti regolamentati per gli adulti che fumano. <\/p>\n\n<h3 class=\"wp-block-heading\"><strong>Parte di un giro di vite pi\u00f9 ampio<\/strong><\/h3>\n\n<p>Il divieto delle terrazze e delle sale fumatori fa seguito a una serie di altre misure sul tabacco gi\u00e0 entrate in vigore. Dal gennaio 2025 \u00e8 vietato fumare nei parchi giochi, negli zoo, nei parchi di divertimento e nelle fattorie per bambini. I distributori automatici di sigarette sono stati rimossi nel 2024 e la vendita di tabacco nei bar, nei caff\u00e8 e nei festival \u00e8 terminata all&#8217;inizio di quest&#8217;anno.  <\/p>\n\n<p>Sono previste ulteriori restrizioni. I supermercati dovranno eliminare completamente le vendite di tabacco entro il 2028. A partire dal 2025, inoltre, i negozi non potranno pi\u00f9 esporre sigarette, vapes e altri prodotti per fumatori, con regole pubblicitarie pi\u00f9 severe.  <\/p>\n\n<p>Il Belgio ha gi\u00e0 vietato i vapes usa e getta, diventando il primo paese dell&#8217;UE a farlo a gennaio. Ma un&#8217;inchiesta del programma Pano dell&#8217;emittente VRT di questa primavera ha scoperto che il divieto si \u00e8 ritorto contro, <a href=\"https:\/\/clearingtheair.eu\/en\/post\/vapes-still-popular-in-belgium-after-ban-and-may-now-contain-dangerous-drugs-new-report-finds\/\">alimentando un mercato nero<\/a> in cui i dispositivi non regolamentati avevano maggiori probabilit\u00e0 di contenere droghe o sostanze chimiche pericolose come la cannabis sintetica. Nonostante il divieto, i vapes usa e getta continuavano a circolare nelle scuole.  <\/p>\n\n<h3 class=\"wp-block-heading\"><strong>&#8216;Pi\u00f9 difficile per i fumatori cambiare&#8217;<\/strong><\/h3>\n\n<p>Tra il 2020 e il 2024, il prezzo di un pacchetto da 20 sigarette \u00e8 aumentato di quasi il 60%, mentre il tabacco sfuso di oltre il 90%. Anche il costo dei vapes \u00e8 aumentato, il che, secondo i sostenitori della riduzione del danno, potrebbe rendere pi\u00f9 difficile per i fumatori passare ad alternative meno dannose, compromettendo l&#8217;obiettivo del governo. <\/p>\n\n<p>L&#8217;obiettivo ufficiale \u00e8 quello di ridurre il fumo giornaliero al 10% della popolazione entro il 2028 e al 5% entro il 2040.<\/p>\n\n<p>Le associazioni del settore alberghiero sostengono che vietare il fumo e il vaping sulle terrazze sar\u00e0 difficile da controllare e potrebbe costringere il personale a entrare in conflitto con i clienti. Gli attivisti per la salute hanno accolto con favore la mossa, sostenendo che &#8220;il fumo non rispetta i confini&#8221; e che \u00e8 pi\u00f9 facile far rispettare regole coerenti. <\/p>\n\n<p>Le misure adottate dal Belgio lo collocano tra i regolatori pi\u00f9 severi d&#8217;Europa, insieme a Paesi Bassi, Spagna e Francia. Ma i critici avvertono che equiparare il vaping al fumo rischia di offuscare la distinzione tra tabacco combustibile e alternative pi\u00f9 sicure. <\/p>\n\n<p><\/p>\n<div class=\"clear-after-content-2\" style=\"margin-top: 20px;margin-bottom: 20px;margin-left: auto;margin-right: auto;text-align: center;\" id=\"clear-2698253976\"><img src=\"https:\/\/clearingtheair.eu\/wp-content\/uploads\/2026\/04\/caafc5c68900198b80aee12c11b50184.avif\" alt=\"\"   style=\"display: inline-block;\" \/><\/div>","protected":false},"excerpt":{"rendered":"<p>Il Belgio vieter\u00e0 il fumo e il vaping sulle terrazze pubbliche e nelle sale fumatori designate a partire dal 1\u00b0 gennaio 2027. Il governo federale afferma che la misura riguarda le terrazze di ristoranti e caff\u00e8, nonch\u00e9 le sale fumatori negli aeroporti,&hellip;<\/p>\n","protected":false},"author":990002,"featured_media":26694,"comment_status":"open","ping_status":"open","sticky":false,"template":"","format":"standard","meta":{"footnotes":""},"categories":[294],"tags":[344,366],"slider":[],"class_list":["post-26700","post","type-post","status-publish","format-standard","has-post-thumbnail","hentry","category-notizie","tag-australia","tag-australia-it"],"_links":{"self":[{"href":"https:\/\/clearingtheair.eu\/it\/wp-json\/wp\/v2\/posts\/26700","targetHints":{"allow":["GET"]}}],"collection":[{"href":"https:\/\/clearingtheair.eu\/it\/wp-json\/wp\/v2\/posts"}],"about":[{"href":"https:\/\/clearingtheair.eu\/it\/wp-json\/wp\/v2\/types\/post"}],"author":[{"embeddable":true,"href":"https:\/\/clearingtheair.eu\/it\/wp-json\/wp\/v2\/users\/990002"}],"replies":[{"embeddable":true,"href":"https:\/\/clearingtheair.eu\/it\/wp-json\/wp\/v2\/comments?post=26700"}],"version-history":[{"count":1,"href":"https:\/\/clearingtheair.eu\/it\/wp-json\/wp\/v2\/posts\/26700\/revisions"}],"predecessor-version":[{"id":26704,"href":"https:\/\/clearingtheair.eu\/it\/wp-json\/wp\/v2\/posts\/26700\/revisions\/26704"}],"wp:featuredmedia":[{"embeddable":true,"href":"https:\/\/clearingtheair.eu\/it\/wp-json\/wp\/v2\/media\/26694"}],"wp:attachment":[{"href":"https:\/\/clearingtheair.eu\/it\/wp-json\/wp\/v2\/media?parent=26700"}],"wp:term":[{"taxonomy":"category","embeddable":true,"href":"https:\/\/clearingtheair.eu\/it\/wp-json\/wp\/v2\/categories?post=26700"},{"taxonomy":"post_tag","embeddable":true,"href":"https:\/\/clearingtheair.eu\/it\/wp-json\/wp\/v2\/tags?post=26700"},{"taxonomy":"slider","embeddable":true,"href":"https:\/\/clearingtheair.eu\/it\/wp-json\/wp\/v2\/slider?post=26700"}],"curies":[{"name":"wp","href":"https:\/\/api.w.org\/{rel}","templated":true}]}}