{"id":32547,"date":"2025-12-18T15:19:26","date_gmt":"2025-12-18T15:19:26","guid":{"rendered":"https:\/\/clearingtheair.eu\/post\/il-commissario-europeo-per-la-salute-raddoppia-la-posizione-sui-danni-del-tabacco\/"},"modified":"2025-12-18T15:19:47","modified_gmt":"2025-12-18T15:19:47","slug":"il-commissario-europeo-per-la-salute-raddoppia-la-posizione-sui-danni-del-tabacco","status":"publish","type":"post","link":"https:\/\/clearingtheair.eu\/it\/post\/il-commissario-europeo-per-la-salute-raddoppia-la-posizione-sui-danni-del-tabacco\/","title":{"rendered":"Il commissario europeo per la salute raddoppia la posizione sui danni del tabacco"},"content":{"rendered":"<div class=\"clear-before-content-2\" style=\"margin-top: 20px;margin-bottom: 20px;margin-left: auto;margin-right: auto;text-align: center;\" id=\"clear-4165903479\"><img src=\"https:\/\/clearingtheair.eu\/wp-content\/uploads\/2026\/04\/caafc5c68900198b80aee12c11b50184.avif\" alt=\"\"   style=\"display: inline-block;\" \/><\/div>\n<p><strong>Il commissario europeo per la salute Oliv\u00e9r V\u00e1rhelyi ha dichiarato che i nuovi prodotti a base di nicotina come i vapes, il tabacco riscaldato e le buste di nicotina sono &#8220;dannosi al cento per cento&#8221; quanto le sigarette tradizionali.<\/strong><\/p>\n\n<h3 class=\"wp-block-heading\"><strong>Il Commissario respinge la distinzione tra riduzione del danno<\/strong><\/h3>\n\n<p>In un&#8217;intervista a Euractiv, \u00e8 stato chiesto a V\u00e1rhelyi se \u00e8 convinto che i nuovi prodotti come i vapes, il tabacco riscaldato e le buste di nicotina siano dannosi quanto le sigarette tradizionali. Ha risposto: &#8220;S\u00ec, lo sono. Assolutamente s\u00ec. Al cento per cento&#8221;. <\/p>\n\n<p>Il commissario ha sottolineato i dati che mostrano un forte aumento del vaping tra le persone di et\u00e0 superiore ai 15 anni nell&#8217;UE &#8211; dal 45% al 4% nel 2024 &#8211; e ha affermato che quando si tratta di giovani, &#8220;sono ancora peggio&#8221;.<\/p>\n\n<p>V\u00e1rhelyi ha anche confermato che la Commissione sta preparando una valutazione pi\u00f9 ampia degli effetti sulla salute dei prodotti alternativi al tabacco, che sar\u00e0 pubblicata nel 2026 e che si avvarr\u00e0 di diversi studi con un ruolo centrale dell&#8217;Organizzazione Mondiale della Sanit\u00e0.<\/p>\n\n<p>&#8220;Una delle direzioni politiche chiave &#8211; anche per me personalmente &#8211; \u00e8 il lavoro dell&#8217;OMS, perch\u00e9 l&#8217;OMS \u00e8 stata estremamente solida e coerente nel suo lavoro&#8221;, ha detto.<\/p>\n\n<p>Rispondendo alle critiche dell&#8217;industria del tabacco sulla direzione della politica, V\u00e1rhelyi ha aggiunto: &#8220;Se c&#8217;\u00e8 una cosa che so dell&#8217;industria del tabacco \u00e8 che \u00e8 molto difficile accontentarla, perch\u00e9 la direzione della politica non va nella loro direzione&#8221;.<\/p>\n\n<h3 class=\"wp-block-heading\"><strong>Dibattito sulla riduzione del danno<\/strong><\/h3>\n\n<p>La gestione dei prodotti alternativi alla nicotina nella politica dell&#8217;UE rimane profondamente contestata, in particolare per quanto riguarda il fatto che tutti i prodotti comportino lo stesso livello di rischio per la salute. Mentre la Commissione fa riferimento all&#8217;aumento dell&#8217;uso da parte dei giovani e ai dati cardiovascolari, gli specialisti della riduzione del danno sostengono che decenni di prove dimostrano che la causa principale delle malattie legate al fumo \u00e8 la combustione del tabacco piuttosto che la nicotina stessa. <\/p>\n\n<p>I ricercatori fanno riferimento a valutazioni effettuate da enti normativi e sanitari in diversi Paesi, che concludono che i prodotti non combustibili espongono gli utenti a <a href=\"https:\/\/clearingtheair.eu\/en\/post\/vapes-and-htps-reduce-toxin-exposure-by-more-than-90-lithuanian-study-finds\/\">livelli di sostanze tossiche sostanzialmente inferiori<\/a> rispetto alle sigarette e che l&#8217;abbandono del fumo pu\u00f2 ridurre i rischi per la salute delle persone che altrimenti continuerebbero a fumare.<\/p>\n\n<p><a href=\"https:\/\/clearingtheair.eu\/en\/post\/sweden-is-europes-first-smoke-free-nation-as-scotlands-progress-stalls\/\">I dati della Svezia<\/a> sono spesso citati in questo dibattito. Nonostante i livelli di consumo di nicotina siano simili a quelli di altri paesi dell&#8217;UE, la Svezia registra il tasso di mortalit\u00e0 legato al tabacco pi\u00f9 basso dell&#8217;UE, una tendenza ampiamente collegata all&#8217;uso diffuso di prodotti senza fumo come il tabacco da fiuto e le buste di nicotina piuttosto che le sigarette. <\/p>\n\n<h3 class=\"wp-block-heading\"><strong>Polemiche precedenti sulle indicazioni sulla nicotina<\/strong><\/h3>\n\n<p>L&#8217;intervista segue le precedenti polemiche sulle dichiarazioni pubbliche di V\u00e1rhelyi sulla nicotina. <a href=\"https:\/\/clearingtheair.eu\/en\/post\/exclusive-varheyli-tweets-then-deletes-false-claim-that-nicotine-causes-cancer\/\">A settembre<\/a>, ha cancellato e modificato un post su X dopo aver inizialmente affermato che &#8220;la nicotina&#8230; causa il cancro&#8221; &#8211; un&#8217;affermazione in contrasto con le valutazioni scientifiche della Commissione Europea e con la posizione di enti come Cancer Research UK, che affermano che la nicotina non \u00e8 un agente cancerogeno.<\/p>\n\n<p>Sebbene il post sia stato successivamente modificato per dire che la nicotina &#8220;contribuisce allo sviluppo del cancro&#8221;, i sostenitori della riduzione del danno e gli scienziati hanno affermato che la correzione ha comunque travisato le prove, notando che il rischio di cancro \u00e8 causato principalmente dalle sostanze tossiche rilasciate dalla combustione del tabacco piuttosto che dalla nicotina stessa.<\/p>\n\n<h3 class=\"wp-block-heading\"><strong>L&#8217;attenzione alla politica rispetto alle accuse del passato<\/strong><\/h3>\n\n<p>Pi\u00f9 in generale, alcuni osservatori sostengono che l&#8217;intensit\u00e0 del controllo sulle posizioni di V\u00e1rhelyi in materia di salute contrasta con le limitate domande su altre controversie legate alla sua carriera.  <\/p>\n\n<p>Tra queste, le <a href=\"https:\/\/www.euronews.com\/my-europe\/2025\/10\/10\/brussels-mounts-pressure-on-hungarian-eu-commissioner-oliver-varhelyi-over-spy-probe\" rel=\"nofollow noopener\" target=\"_blank\">accuse<\/a> di vecchia data relative al periodo in cui era ambasciatore dell&#8217;Ungheria presso l&#8217;UE, quando fu accusato da commentatori e fonti diplomatiche di gestire un giro di spionaggio dall&#8217;ambasciata ungherese a Bruxelles &#8211; affermazioni che non sono mai state confermate da un&#8217;indagine ufficiale e che sono state negate dalle autorit\u00e0 ungheresi.<\/p>\n\n<p>I critici sostengono che l&#8217;assenza di domande di questo tipo nelle interviste di alto profilo solleva preoccupazioni riguardo a uno scrutinio selettivo, con la politica del tabacco che genera titoli di giornale mentre altre accuse ricevono relativamente poca attenzione.<\/p>\n<div class=\"clear-after-content-2\" style=\"margin-top: 20px;margin-bottom: 20px;margin-left: auto;margin-right: auto;text-align: center;\" id=\"clear-1635931913\"><img src=\"https:\/\/clearingtheair.eu\/wp-content\/uploads\/2026\/04\/caafc5c68900198b80aee12c11b50184.avif\" alt=\"\"   style=\"display: inline-block;\" \/><\/div>","protected":false},"excerpt":{"rendered":"<p>Il commissario europeo per la salute Oliv\u00e9r V\u00e1rhelyi ha dichiarato che i nuovi prodotti a base di nicotina come i vapes, il tabacco riscaldato e le buste di nicotina sono &#8220;dannosi al cento per cento&#8221; quanto le sigarette tradizionali. Il Commissario respinge&hellip;<\/p>\n","protected":false},"author":990002,"featured_media":32541,"comment_status":"open","ping_status":"open","sticky":false,"template":"","format":"standard","meta":{"footnotes":""},"categories":[294],"tags":[369,372,421,542],"slider":[],"class_list":["post-32547","post","type-post","status-publish","format-standard","has-post-thumbnail","hentry","category-notizie","tag-interviste","tag-nicotina","tag-svezia","tag-ungheria"],"_links":{"self":[{"href":"https:\/\/clearingtheair.eu\/it\/wp-json\/wp\/v2\/posts\/32547","targetHints":{"allow":["GET"]}}],"collection":[{"href":"https:\/\/clearingtheair.eu\/it\/wp-json\/wp\/v2\/posts"}],"about":[{"href":"https:\/\/clearingtheair.eu\/it\/wp-json\/wp\/v2\/types\/post"}],"author":[{"embeddable":true,"href":"https:\/\/clearingtheair.eu\/it\/wp-json\/wp\/v2\/users\/990002"}],"replies":[{"embeddable":true,"href":"https:\/\/clearingtheair.eu\/it\/wp-json\/wp\/v2\/comments?post=32547"}],"version-history":[{"count":1,"href":"https:\/\/clearingtheair.eu\/it\/wp-json\/wp\/v2\/posts\/32547\/revisions"}],"predecessor-version":[{"id":32559,"href":"https:\/\/clearingtheair.eu\/it\/wp-json\/wp\/v2\/posts\/32547\/revisions\/32559"}],"wp:featuredmedia":[{"embeddable":true,"href":"https:\/\/clearingtheair.eu\/it\/wp-json\/wp\/v2\/media\/32541"}],"wp:attachment":[{"href":"https:\/\/clearingtheair.eu\/it\/wp-json\/wp\/v2\/media?parent=32547"}],"wp:term":[{"taxonomy":"category","embeddable":true,"href":"https:\/\/clearingtheair.eu\/it\/wp-json\/wp\/v2\/categories?post=32547"},{"taxonomy":"post_tag","embeddable":true,"href":"https:\/\/clearingtheair.eu\/it\/wp-json\/wp\/v2\/tags?post=32547"},{"taxonomy":"slider","embeddable":true,"href":"https:\/\/clearingtheair.eu\/it\/wp-json\/wp\/v2\/slider?post=32547"}],"curies":[{"name":"wp","href":"https:\/\/api.w.org\/{rel}","templated":true}]}}