{"id":39283,"date":"2026-07-01T09:08:06","date_gmt":"2026-07-01T09:08:06","guid":{"rendered":"https:\/\/clearingtheair.eu\/post\/lirlanda-si-avvicina-al-divieto-degli-aromi-di-frutta-e-dolci-per-le-sigarette-elettroniche\/"},"modified":"2026-07-01T09:08:33","modified_gmt":"2026-07-01T09:08:33","slug":"lirlanda-si-avvicina-al-divieto-degli-aromi-di-frutta-e-dolci-per-le-sigarette-elettroniche","status":"publish","type":"post","link":"https:\/\/clearingtheair.eu\/it\/post\/lirlanda-si-avvicina-al-divieto-degli-aromi-di-frutta-e-dolci-per-le-sigarette-elettroniche\/","title":{"rendered":"L\u2019Irlanda si avvicina al divieto degli aromi di frutta e dolci per le sigarette elettroniche"},"content":{"rendered":"<div class=\"clear-before-content-2\" style=\"margin-top: 20px;margin-bottom: 20px;margin-left: auto;margin-right: auto;text-align: center;\" id=\"clear-514137340\"><a data-no-instant=\"1\" href=\"https:\/\/www.broughton-group.com\/nicotine?utm_campaign=43296353-Clearing%20the%20Air%20PPC%20Campaign%20-%202026&#038;utm_source=ppc&#038;utm_medium=Paid%20Ads\" rel=\"noopener\" class=\"a2t-link\" aria-label=\"728 x 90 (2)\"><img src=\"https:\/\/clearingtheair.eu\/wp-content\/uploads\/2026\/04\/728-x-90-2.png\" alt=\"\"  srcset=\"https:\/\/clearingtheair.eu\/wp-content\/uploads\/2026\/04\/728-x-90-2.png 728w, https:\/\/clearingtheair.eu\/wp-content\/uploads\/2026\/04\/728-x-90-2-300x37.png 300w, https:\/\/clearingtheair.eu\/wp-content\/uploads\/2026\/04\/728-x-90-2-370x46.png 370w, https:\/\/clearingtheair.eu\/wp-content\/uploads\/2026\/04\/728-x-90-2-600x74.png 600w\" sizes=\"(max-width: 728px) 100vw, 728px\" width=\"728\" height=\"90\"  style=\"display: inline-block;\" \/><\/a><\/div>\n<p class=\"wp-block-paragraph\"><strong>L\u2019Irlanda si \u00e8 avvicinata al divieto della maggior parte delle sigarette elettroniche aromatizzate dopo che le nuove leggi sulla nicotina sono state approvate dal D\u00e1il.<\/strong><\/p>\n\n<p class=\"wp-block-paragraph\">Mercoled\u00ec <a href=\"https:\/\/www.oireachtas.ie\/en\/bills\/bill\/2026\/36\/\" rel=\"nofollow noopener\" target=\"_blank\">il disegno di legge del 2026 sulla sanit\u00e0 pubblica (prodotti del tabacco e prodotti per l\u2019inalazione di nicotina) (modifica)<\/a> ha superato l\u2019ultima fase di approvazione al D\u00e1il e ora passer\u00e0 al Seanad, dove dovrebbe essere discusso a luglio.<\/p>\n\n<p class=\"wp-block-paragraph\">Se venisse approvato, il disegno di legge limiterebbe drasticamente il mercato irlandese delle sigarette elettroniche, restringendo gli aromi consentiti al tabacco e ai prodotti non aromatizzati. Inoltre, imporrebbe restrizioni sulle confezioni colorate, sugli espositori nei punti vendita e sulla pubblicit\u00e0 al dettaglio. <\/p>\n\n<p class=\"wp-block-paragraph\">Il governo sta aspettando che si concluda la procedura di notifica all&#8217;UE prima di poter varare la legge, e i ministri puntano a far entrare in vigore le misure entro la fine dell&#8217;anno.<\/p>\n\n<h3 class=\"wp-block-heading\"><strong>Cosa cambierebbe con questo disegno di legge<\/strong><\/h3>\n\n<p class=\"wp-block-paragraph\">Il disegno di legge mira a ridurre l&#8217;attrattiva, la visibilit\u00e0 e l&#8217;accessibilit\u00e0 delle sigarette elettroniche e di altri prodotti a base di nicotina, soprattutto tra i giovani.<\/p>\n\n<p class=\"wp-block-paragraph\">In base alla proposta di legge, l\u2019Irlanda:<\/p>\n\n<ul class=\"wp-block-list\">\n<li>Vietare la vendita di bustine di nicotina e altri prodotti per il consumo di nicotina ai minori di 18 anni.<\/li>\n\n\n\n<li>Vietare la pubblicit\u00e0 delle sigarette elettroniche e dei prodotti a base di nicotina in tutti i punti vendita al dettaglio.<\/li>\n\n\n\n<li>Vietare l&#8217;esposizione nei punti vendita di sigarette elettroniche e prodotti a base di nicotina nei negozi al dettaglio misti, come supermercati, stazioni di servizio ed edicole.<\/li>\n\n\n\n<li>Limitare l&#8217;uso di colori e immagini sui dispositivi per lo svapo e sulle confezioni.<\/li>\n\n\n\n<li>Vietare i dispositivi per lo svapo progettati per assomigliare ad altri prodotti, compresi giocattoli o giochi.<\/li>\n\n\n\n<li>Limita gli aromi delle sigarette elettroniche al tabacco e ai prodotti non aromatizzati.<\/li>\n<\/ul>\n\n<p class=\"wp-block-paragraph\">Il disegno di legge darebbe inoltre ai ministri il potere di regolamentare i nomi degli aromi e di aggiornare la legge qualora entrassero sul mercato nuovi prodotti a base di nicotina.<\/p>\n\n<p class=\"wp-block-paragraph\">Lo ha dichiarato la ministra della Salute Jennifer Carroll MacNeill quando il disegno di legge \u00e8 stato approvato dal Governo. Ha affermato: \u00abQuesto disegno di legge rafforzer\u00e0 e amplier\u00e0 la normativa esistente sui prodotti per l\u2019inalazione di nicotina, riducendone l\u2019attrattiva, la visibilit\u00e0 e l\u2019accessibilit\u00e0. Inoltre, vieter\u00e0 la vendita ai minori dei prodotti ricreativi a base di nicotina, sia attuali che futuri, e ne ridurr\u00e0 la visibilit\u00e0 nei punti vendita\u00bb. <\/p>\n\n<p class=\"wp-block-paragraph\">Ha aggiunto: \u00abNel loro insieme, queste leggi costituiscono un pacchetto completo volto a limitare la promozione e la vendita di questi prodotti che creano dipendenza. Dimostrano inoltre il ruolo di primo piano che l\u2019Irlanda continua a ricoprire nel controllo del tabacco e della nicotina, nell\u2019ambito degli sforzi volti a sostenere e proteggere la nostra popolazione affinch\u00e9 possa condurre una vita pi\u00f9 sana\u00bb.<\/p>\n\n<h3 class=\"wp-block-heading\"><strong>Riga delle bustine<\/strong><\/h3>\n\n<p class=\"wp-block-paragraph\">Il dibattito al D\u00e1il ha anche messo in luce le pressioni per adottare misure pi\u00f9 severe sui sacchetti di nicotina, che sono soggetti ad alcune delle restrizioni previste dal disegno di legge ma non ai controlli proposti sulle confezioni.<\/p>\n\n<p class=\"wp-block-paragraph\">Il deputato socialdemocratico P\u00e1draig Rice ha fatto notare che attualmente le bustine sono \u201cesposte nei negozi con confezioni vivaci e colorate\u201d e ha aggiunto che stanno diventando sempre pi\u00f9 popolari tra gli adolescenti.<\/p>\n\n<p class=\"wp-block-paragraph\">Ha insistito affinch\u00e9 le bustine di nicotina fossero incluse nelle restrizioni sul confezionamento, ma la viceministra della Salute Jennifer Murnane O\u2019Connor ha respinto l\u2019emendamento, sostenendo che avrebbe richiesto una nuova notifica all\u2019UE e avrebbe potuto ritardare l\u2019approvazione del disegno di legge anche di un anno.<\/p>\n\n<p class=\"wp-block-paragraph\">Il disegno di legge introduce gi\u00e0 le bustine di nicotina nella legislazione irlandese, vietandone la vendita ai minori di 18 anni e limitandone la pubblicit\u00e0 e l&#8217;esposizione.<\/p>\n\n<h3 class=\"wp-block-heading\"><strong>Il fenomeno dello svapo tra i giovani spinge a un giro di vite<\/strong><\/h3>\n\n<p class=\"wp-block-paragraph\"><a href=\"https:\/\/www.gov.ie\/en\/healthy-ireland\/publications\/healthy-ireland-survey-2025\/\" rel=\"nofollow noopener\" target=\"_blank\">L&#8217;ultima edizione dell&#8217;indagine &#8220;Healthy Ireland&#8221;<\/a> ha rilevato che l&#8217;8% della popolazione usa attualmente le sigarette elettroniche, sia quotidianamente che occasionalmente. Il consumo \u00e8 pi\u00f9 diffuso tra i giovani: il 18% dei ragazzi tra i 15 e i 24 anni dichiara di usare le sigarette elettroniche ogni giorno o di tanto in tanto. <\/p>\n\n<p class=\"wp-block-paragraph\">Dallo stesso sondaggio \u00e8 emerso che il 50% degli utenti di sigarette elettroniche sono ex fumatori, il 33% sono fumatori attuali e il 17% non ha mai fumato.<\/p>\n\n<p class=\"wp-block-paragraph\">Questo significa che le restrizioni avranno un impatto su un mercato eterogeneo: i giovani che non hanno mai fumato, gli adulti che fumano e quelli che hanno gi\u00e0 smesso di fumare sigarette.<\/p>\n\n<p class=\"wp-block-paragraph\">In Irlanda il fumo rimane pi\u00f9 diffuso dello svapo. L&#8217;indagine &#8220;Healthy Ireland&#8221; ha rilevato che il 17% della popolazione \u00e8 attualmente fumatore, con il 13% che fuma ogni giorno e il 4% occasionalmente. <\/p>\n\n<p class=\"wp-block-paragraph\">Secondo le linee guida dell&#8217;HSE, lo svapo potrebbe essere meno dannoso del fumo perch\u00e9 rilascia nicotina con meno sostanze tossiche rispetto alle sigarette, ma non \u00e8 privo di rischi.<\/p>\n\n<h3 class=\"wp-block-heading\"><strong>Fa parte di una pi\u00f9 ampia campagna di repressione sul consumo di nicotina<\/strong><\/h3>\n\n<p class=\"wp-block-paragraph\">La legge sugli aromi e sulle confezioni fa parte di una pi\u00f9 ampia campagna irlandese contro i prodotti del tabacco e della nicotina.<\/p>\n\n<p class=\"wp-block-paragraph\">L\u2019Irlanda ha gi\u00e0 vietato la vendita di sigarette elettroniche ai minori di 18 anni. All\u2019Oireachtas \u00e8 in discussione anche una legge a parte per vietare le sigarette elettroniche monouso, spinta dalle preoccupazioni relative al consumo da parte dei giovani, ai prodotti illegali e ai rifiuti ambientali. <\/p>\n\n<p class=\"wp-block-paragraph\">Il Servizio Bibliotecario e di Ricerca dell\u2019Oireachtas ha stimato che l\u2019applicazione dell\u2019attuale disegno di legge e del divieto separato sui dispositivi per lo svapo monouso richiederebbe <a href=\"https:\/\/data.oireachtas.ie\/ie\/oireachtas\/libraryResearch\/2026\/2026-04-16_bill-digest-public-health-tobacco-products-and-nicotine-inhaling-products-amendment-bill-2026_en.pdf\" rel=\"nofollow noopener\" target=\"_blank\">3,1 milioni di euro in pi\u00f9 all\u2019anno.<\/a><\/p>\n\n<p class=\"wp-block-paragraph\">Il governo sostiene che le nuove norme siano necessarie perch\u00e9 la normativa attuale non \u00e8 bastata a invertire la tendenza all\u2019uso delle sigarette elettroniche tra i giovani.<\/p>\n\n<p class=\"wp-block-paragraph\">Per i fumatori adulti e gli ex fumatori, questa misura ridurr\u00e0 notevolmente il mercato legale delle sigarette elettroniche. Per i giovani, sostengono i ministri, render\u00e0 i prodotti alla nicotina meno visibili, meno colorati e meno attraenti. <\/p>\n\n<p class=\"wp-block-paragraph\">Il dibattito al Seanad decider\u00e0 se l\u2019Irlanda porter\u00e0 avanti uno dei regimi pi\u00f9 restrittivi d\u2019Europa in materia di aromi per sigarette elettroniche.<\/p>\n<div class=\"clear-after-content\" style=\"margin-top: 20px;margin-bottom: 20px;margin-left: auto;margin-right: auto;text-align: center;\" id=\"clear-1238691753\"><a data-no-instant=\"1\" href=\"https:\/\/www.broughton-group.com\/nicotine?utm_campaign=43296353-Clearing%20the%20Air%20PPC%20Campaign%20-%202026&#038;utm_source=ppc&#038;utm_medium=Paid%20Ads\" rel=\"noopener\" class=\"a2t-link\" aria-label=\"728 x 90 (2)\"><img src=\"https:\/\/clearingtheair.eu\/wp-content\/uploads\/2026\/04\/728-x-90-2.png\" alt=\"\"  srcset=\"https:\/\/clearingtheair.eu\/wp-content\/uploads\/2026\/04\/728-x-90-2.png 728w, https:\/\/clearingtheair.eu\/wp-content\/uploads\/2026\/04\/728-x-90-2-300x37.png 300w, https:\/\/clearingtheair.eu\/wp-content\/uploads\/2026\/04\/728-x-90-2-370x46.png 370w, https:\/\/clearingtheair.eu\/wp-content\/uploads\/2026\/04\/728-x-90-2-600x74.png 600w\" sizes=\"(max-width: 728px) 100vw, 728px\" width=\"728\" height=\"90\"  style=\"display: inline-block;\" \/><\/a><\/div>","protected":false},"excerpt":{"rendered":"<p>L\u2019Irlanda si \u00e8 avvicinata al divieto della maggior parte delle sigarette elettroniche aromatizzate dopo che le nuove leggi sulla nicotina sono state approvate dal D\u00e1il. Mercoled\u00ec il disegno di legge del 2026 sulla sanit\u00e0 pubblica (prodotti del tabacco e prodotti per l\u2019inalazione&hellip;<\/p>\n","protected":false},"author":990005,"featured_media":39277,"comment_status":"open","ping_status":"open","sticky":false,"template":"","format":"standard","meta":{"footnotes":""},"categories":[294],"tags":[406,372],"slider":[],"class_list":["post-39283","post","type-post","status-publish","format-standard","has-post-thumbnail","hentry","category-notizie","tag-irlanda","tag-nicotina"],"_links":{"self":[{"href":"https:\/\/clearingtheair.eu\/it\/wp-json\/wp\/v2\/posts\/39283","targetHints":{"allow":["GET"]}}],"collection":[{"href":"https:\/\/clearingtheair.eu\/it\/wp-json\/wp\/v2\/posts"}],"about":[{"href":"https:\/\/clearingtheair.eu\/it\/wp-json\/wp\/v2\/types\/post"}],"author":[{"embeddable":true,"href":"https:\/\/clearingtheair.eu\/it\/wp-json\/wp\/v2\/users\/990005"}],"replies":[{"embeddable":true,"href":"https:\/\/clearingtheair.eu\/it\/wp-json\/wp\/v2\/comments?post=39283"}],"version-history":[{"count":1,"href":"https:\/\/clearingtheair.eu\/it\/wp-json\/wp\/v2\/posts\/39283\/revisions"}],"predecessor-version":[{"id":39286,"href":"https:\/\/clearingtheair.eu\/it\/wp-json\/wp\/v2\/posts\/39283\/revisions\/39286"}],"wp:featuredmedia":[{"embeddable":true,"href":"https:\/\/clearingtheair.eu\/it\/wp-json\/wp\/v2\/media\/39277"}],"wp:attachment":[{"href":"https:\/\/clearingtheair.eu\/it\/wp-json\/wp\/v2\/media?parent=39283"}],"wp:term":[{"taxonomy":"category","embeddable":true,"href":"https:\/\/clearingtheair.eu\/it\/wp-json\/wp\/v2\/categories?post=39283"},{"taxonomy":"post_tag","embeddable":true,"href":"https:\/\/clearingtheair.eu\/it\/wp-json\/wp\/v2\/tags?post=39283"},{"taxonomy":"slider","embeddable":true,"href":"https:\/\/clearingtheair.eu\/it\/wp-json\/wp\/v2\/slider?post=39283"}],"curies":[{"name":"wp","href":"https:\/\/api.w.org\/{rel}","templated":true}]}}