{"id":20902,"date":"2024-08-05T15:04:06","date_gmt":"2024-08-05T15:04:06","guid":{"rendered":"https:\/\/clearingtheair.eu\/post\/irlandia-wprowadzi-podatek-od-vape-w-pazdziernikowym-budzecie\/"},"modified":"2024-08-05T15:04:06","modified_gmt":"2024-08-05T15:04:06","slug":"irlandia-wprowadzi-podatek-od-vape-w-pazdziernikowym-budzecie","status":"publish","type":"post","link":"https:\/\/clearingtheair.eu\/pl\/post\/irlandia-wprowadzi-podatek-od-vape-w-pazdziernikowym-budzecie\/","title":{"rendered":"Irlandia wprowadzi podatek od vape w pa\u017adziernikowym bud\u017cecie"},"content":{"rendered":"<div class=\"clear-before-content-2\" style=\"margin-top: 20px;margin-bottom: 20px;margin-left: auto;margin-right: auto;text-align: center;\" id=\"clear-2612448575\"><img src=\"https:\/\/clearingtheair.eu\/wp-content\/uploads\/2026\/04\/caafc5c68900198b80aee12c11b50184.avif\" alt=\"\"   style=\"display: inline-block;\" \/><\/div><p id=\"\">Podatek od waporyzacji w Irlandii zostanie og\u0142oszony w pa\u017adziernikowym bud\u017cecie, ujawni\u0142 krajowy minister finans\u00f3w.  <\/p>\n<p>Jack Chambers powiedzia\u0142, \u017ce jego departament rz\u0105dowy wsp\u00f3\u0142pracuje obecnie z Revenue &#8211; irlandzkim urz\u0119dem podatkowym i celnym &#8211; nad &#8222;szczeg\u00f3\u0142ami&#8221; nowej op\u0142aty.  <\/p>\n<p>&#8222;Naszym zamiarem jest poczynienie post\u0119p\u00f3w w tym zakresie w tegorocznym bud\u017cecie&#8221; &#8211; powiedzia\u0142. &#8222;Trwaj\u0105 prace mi\u0119dzy Revenue a Departamentem Finans\u00f3w nad tym, jak mo\u017cemy to zoperacjonalizowa\u0107 i oczywi\u015bcie b\u0119d\u0119 w stanie przedstawi\u0107 dalsze informacje w dniu bud\u017cetu. <\/p>\n<p>Doda\u0142: &#8222;Trwaj\u0105 prace nad szczeg\u00f3\u0142ami i kwestiami technicznymi dotycz\u0105cymi tego, jak mo\u017cemy to umo\u017cliwi\u0107 do 2025 r.&#8221;.<\/p>\n<p><strong>Podwy\u017cka podatku od papieros\u00f3w wci\u0105\u017c niezdecydowana<\/strong><\/p>\n<p>Powiedzia\u0142 jednak, \u017ce decyzja o podniesieniu podatku od papieros\u00f3w &#8211; kt\u00f3re okaza\u0142y si\u0119 znacznie bardziej niebezpieczne dla zdrowia ni\u017c vape &#8211; nie zosta\u0142a jeszcze podj\u0119ta.<\/p>\n<p>Powiedzia\u0142: &#8222;Ka\u017cdego roku jest to \u015brodek zdrowia publicznego opr\u00f3cz \u015brodka zwi\u0119kszaj\u0105cego dochody, a wiesz, staramy si\u0119 wspiera\u0107 ludzi z dala od kontynuowania palenia, a to by\u0142o cz\u0119\u015bci\u0105 rozwa\u017ca\u0144 ka\u017cdego roku&#8221;.<\/p>\n<p>W grudniu Irlandia zakaza\u0142a sprzeda\u017cy vape&#8217;\u00f3w osobom poni\u017cej 18 roku \u017cycia. Zarz\u0105dzenie, podpisane przez irlandzkiego ministra zdrowia Stephena Donnelly&#8217;ego, uczyni\u0142o przest\u0119pstwem sprzeda\u017c produkt\u00f3w do inhalacji nikotyny, takich jak vape, dzieciom. <\/p>\n<p id=\"\">Kary mog\u0105 obejmowa\u0107 grzywn\u0119 w wysoko\u015bci do 4 000 euro (3 461 funt\u00f3w) i do sze\u015bciu miesi\u0119cy pozbawienia wolno\u015bci.<\/p>\n<p>Zakaz w Republice Irlandii odzwierciedla\u0142 podobne przepisy w Wielkiej Brytanii. Anglia i Walia wprowadzi\u0142y zakaz w 2015 r., a nast\u0119pnie Szkocja w 2017 r. i Irlandia P\u00f3\u0142nocna w 2022 r. <\/p>\n<p><strong>Konsultacje publiczne w sprawie dalszych przepis\u00f3w dotycz\u0105cych waporyzacji<\/strong><\/p>\n<p>W poprzednim miesi\u0105cu minister zdrowia i minister zdrowia publicznego Hildegarde Naughton rozpocz\u0119li konsultacje publiczne w sprawie przysz\u0142ych regulacji dotycz\u0105cych vape.<\/p>\n<p id=\"\">Powiedzia\u0142a, \u017ce zakaz by\u0142 &#8222;dobrym pocz\u0105tkiem&#8221;.  <\/p>\n<p id=\"\">&#8222;Ochrona dzieci znajduje si\u0119 w centrum naszej krajowej polityki kontroli tytoniu, Tobacco Free Ireland, i z zadowoleniem przyjmuj\u0119 ten wa\u017cny krok naprz\u00f3d w tym kierunku&#8221; &#8211; doda\u0142a.<\/p>\n<p id=\"\">&#8222;Wiemy, \u017ce m\u0142odzi ludzie, kt\u00f3rzy wapuj\u0105, s\u0105 bardziej sk\u0142onni do palenia, wi\u0119c wa\u017cne jest, aby nie przyci\u0105ga\u0142y ich te produkty&#8221;.<\/p>\n<p id=\"\">W odpowiedzi na konsultacje, Institution of Public Health w Irlandii zaleci\u0142 zaostrzenie przepis\u00f3w dotycz\u0105cych wapowania, w tym podniesienie wieku legalnej sprzeda\u017cy do 21 lat, wprowadzenie podatku od wapowania, ograniczenie opakowa\u0144 i marketingu waper\u00f3w oraz ograniczenie smak\u00f3w.  <\/p>\n<div class=\"clear-after-content-2\" style=\"margin-top: 20px;margin-bottom: 20px;margin-left: auto;margin-right: auto;text-align: center;\" id=\"clear-3557870771\"><img src=\"https:\/\/clearingtheair.eu\/wp-content\/uploads\/2026\/04\/caafc5c68900198b80aee12c11b50184.avif\" alt=\"\"   style=\"display: inline-block;\" \/><\/div>","protected":false},"excerpt":{"rendered":"<p>Podatek od waporyzacji w Irlandii zostanie og\u0142oszony w pa\u017adziernikowym bud\u017cecie, ujawni\u0142 krajowy minister finans\u00f3w.<\/p>\n","protected":false},"author":990002,"featured_media":20905,"comment_status":"open","ping_status":"open","sticky":false,"template":"","format":"standard","meta":{"footnotes":""},"categories":[286,290],"tags":[343,398,400,416],"slider":[],"class_list":["post-20902","post","type-post","status-publish","format-standard","has-post-thumbnail","hentry","category-aktualnosci","category-prawodawstwo","tag-ireland","tag-irlandia","tag-irlandia-polnocna","tag-szkocja"],"_links":{"self":[{"href":"https:\/\/clearingtheair.eu\/pl\/wp-json\/wp\/v2\/posts\/20902","targetHints":{"allow":["GET"]}}],"collection":[{"href":"https:\/\/clearingtheair.eu\/pl\/wp-json\/wp\/v2\/posts"}],"about":[{"href":"https:\/\/clearingtheair.eu\/pl\/wp-json\/wp\/v2\/types\/post"}],"author":[{"embeddable":true,"href":"https:\/\/clearingtheair.eu\/pl\/wp-json\/wp\/v2\/users\/990002"}],"replies":[{"embeddable":true,"href":"https:\/\/clearingtheair.eu\/pl\/wp-json\/wp\/v2\/comments?post=20902"}],"version-history":[{"count":0,"href":"https:\/\/clearingtheair.eu\/pl\/wp-json\/wp\/v2\/posts\/20902\/revisions"}],"wp:featuredmedia":[{"embeddable":true,"href":"https:\/\/clearingtheair.eu\/pl\/wp-json\/wp\/v2\/media\/20905"}],"wp:attachment":[{"href":"https:\/\/clearingtheair.eu\/pl\/wp-json\/wp\/v2\/media?parent=20902"}],"wp:term":[{"taxonomy":"category","embeddable":true,"href":"https:\/\/clearingtheair.eu\/pl\/wp-json\/wp\/v2\/categories?post=20902"},{"taxonomy":"post_tag","embeddable":true,"href":"https:\/\/clearingtheair.eu\/pl\/wp-json\/wp\/v2\/tags?post=20902"},{"taxonomy":"slider","embeddable":true,"href":"https:\/\/clearingtheair.eu\/pl\/wp-json\/wp\/v2\/slider?post=20902"}],"curies":[{"name":"wp","href":"https:\/\/api.w.org\/{rel}","templated":true}]}}