{"id":21004,"date":"2024-09-16T20:29:32","date_gmt":"2024-09-16T20:29:32","guid":{"rendered":"https:\/\/clearingtheair.eu\/post\/exclusive-ish-bo-who-tak-powiedziala-komisja-chce-zakazac-wapowania-no-coz-wszedzie\/"},"modified":"2024-09-16T20:29:32","modified_gmt":"2024-09-16T20:29:32","slug":"exclusive-ish-bo-who-tak-powiedziala-komisja-chce-zakazac-wapowania-no-coz-wszedzie","status":"publish","type":"post","link":"https:\/\/clearingtheair.eu\/pl\/post\/exclusive-ish-bo-who-tak-powiedziala-komisja-chce-zakazac-wapowania-no-coz-wszedzie\/","title":{"rendered":"EXCLUSIVE (ish): &#8222;Bo WHO tak powiedzia\u0142a&#8221; &#8211; Komisja chce zakaza\u0107 wapowania&#8230; no c\u00f3\u017c&#8230; wsz\u0119dzie."},"content":{"rendered":"<div class=\"clear-before-content-2\" style=\"margin-top: 20px;margin-bottom: 20px;margin-left: auto;margin-right: auto;text-align: center;\" id=\"clear-517717280\"><img src=\"https:\/\/clearingtheair.eu\/wp-content\/uploads\/2026\/04\/caafc5c68900198b80aee12c11b50184.avif\" alt=\"\"   style=\"display: inline-block;\" \/><\/div><p id=\"\"><strong>Serwis Clearing the Air zapozna\u0142 si\u0119 z pe\u0142n\u0105 wersj\u0105 rekomendacji Komisji Europejskiej w sprawie \u015brodowisk wolnych od dymu tytoniowego po tym, jak Euronews uzyska\u0142 pierwsze informacje na ten temat, ale zanim dokument zosta\u0142 upubliczniony, co ma nast\u0105pi\u0107 jutro rano.<\/strong><\/p>\n<p id=\"\">Komisja wyra\u017anie zaleca wprowadzenie zakazu wapowania:<\/p>\n<ul id=\"\">\n<li>Przestrzenie wewn\u0119trzne<\/li>\n<li>Wyznaczone zewn\u0119trzne tereny rekreacyjne, na kt\u00f3rych mog\u0105 przebywa\u0107 dzieci<\/li>\n<li>Zewn\u0119trzne przestrzenie restauracji, bar\u00f3w i kawiarni<\/li>\n<li>Przystanki autobusowe, tramwajowe i kolejowe<\/li>\n<li>Wszelkie miejsca na zewn\u0105trz zwi\u0105zane z miejscem pracy<\/li>\n<li>Wszelkie przestrzenie zewn\u0119trzne zwi\u0105zane z opiek\u0105 zdrowotn\u0105, w tym szpitale, domy opieki i inne tego typu miejsca.<\/li>\n<li>Wszelkie plac\u00f3wki edukacyjne, w tym uniwersytety<\/li>\n<li>Ka\u017cdy obszar zewn\u0119trzny, w kt\u00f3rym mog\u0105 gromadzi\u0107 si\u0119 cz\u0142onkowie spo\u0142ecze\u0144stwa<\/li>\n<li>Przestrzenie zwi\u0105zane z budynkami, kt\u00f3re s\u0105 otwarte dla publiczno\u015bci<\/li>\n<li>Samochody prywatne<\/li>\n<\/ul>\n<p id=\"\">Chocia\u017c Komisja przeprowadzi\u0142a ograniczone konsultacje w sprawie nowego zalecenia, nie wspomina w preambule o pogl\u0105dach vaper\u00f3w; i, co wymowne, wydaje si\u0119, \u017ce polega\u0142a na &#8222;ukierunkowanych dzia\u0142aniach konsultacyjnych&#8221; &#8211; prawdopodobnie oznaczaj\u0105cych konsultacje tylko z organizacjami pozarz\u0105dowymi, o kt\u00f3rych Komisja wiedzia\u0142a, \u017ce zgodz\u0105 si\u0119 z jej z g\u00f3ry ustalonym stanowiskiem. Podczas tych &#8222;ukierunkowanych dzia\u0142a\u0144&#8221; nie skonsultowano si\u0119 z \u017cadnym z dzia\u0142aczy konsumenckich, kt\u00f3rych Clearing the Air zapyta\u0142o. <\/p>\n<p id=\"\">Komisja stara si\u0119 zadawa\u0107 pytania tylko tym, kt\u00f3rzy dostarcz\u0105 odpowiedzi, kt\u00f3rych szuka, co nie jest nowo\u015bci\u0105 w kontroli tytoniu: wcze\u015bniej dzisiaj <a href=\"https:\/\/www.clearingtheair.eu\/en\/post\/exclusive-eu-tobacco-control-group-declared-that-their-staff-had-not-worked-on-tobacco-for-four-years-to-get-eu-contract-revising-vape-laws\" id=\"\">Clearing the Air opisa\u0142 histori\u0119, w kt\u00f3rej Komisja jest obecnie badana pod k\u0105tem robienia tego samego przy przyznawaniu kontraktu Europejskiej Sieci Zapobiegania Paleniu<\/a>.<\/p>\n<p id=\"\">Komisja w znacznym stopniu opiera si\u0119 na WHO w zakresie bazy dowodowej i struktury zezwole\u0144 na tak drako\u0144sk\u0105 sugesti\u0119. W swoich uzasadnieniach powo\u0142uje si\u0119 na zdyskredytowane dowody pochodz\u0105ce od zha\u0144bionego profesora kontroli tytoniu Stantona Glantza, kt\u00f3ry przed przej\u015bciem na emerytur\u0119 rozstrzygn\u0105\u0142 spraw\u0119 o molestowanie seksualne z by\u0142\u0105 badaczk\u0105 podoktoranck\u0105 ze swojego wydzia\u0142u. <\/p>\n<p id=\"\">Oba badania cytowane przez Komisj\u0119 zosta\u0142y ostro skrytykowane przez inne osoby zajmuj\u0105ce si\u0119 kontrol\u0105 tytoniu. Pierwsze z nich &#8211; w kt\u00f3rym stwierdzono, \u017ce ryzyko zwi\u0105zane z wapowaniem jest podobne do ryzyka zwi\u0105zanego z paleniem &#8211; zosta\u0142o uznane za &#8222;powa\u017cn\u0105 b\u0142\u0119dn\u0105 interpretacj\u0119 dowod\u00f3w epidemiologicznych&#8221; przez <a href=\"https:\/\/evidence.nejm.org\/doi\/full\/10.1056\/EVIDe2400220\" id=\"\" rel=\"nofollow noopener\" target=\"_blank\">czterech niezale\u017cnych naukowc\u00f3w z d\u0142ug\u0105 histori\u0105 w tej dziedzinie<\/a>. <\/p>\n<p>Podobny artyku\u0142 Glantza <a href=\"https:\/\/retractionwatch.com\/2020\/02\/18\/journal-retracts-hotly-contested-paper-on-vaping-and-heart-attacks\/\" id=\"\" rel=\"nofollow noopener\" target=\"_blank\">zosta\u0142 wycofany przez czasopismo, kt\u00f3re go opublikowa\u0142o<\/a>, z powodu obaw redaktor\u00f3w, \u017ce &#8222;wnioski z badania s\u0105 niewiarygodne&#8221;.<\/p>\n<div class=\"clear-after-content-2\" style=\"margin-top: 20px;margin-bottom: 20px;margin-left: auto;margin-right: auto;text-align: center;\" id=\"clear-36720701\"><img src=\"https:\/\/clearingtheair.eu\/wp-content\/uploads\/2026\/04\/caafc5c68900198b80aee12c11b50184.avif\" alt=\"\"   style=\"display: inline-block;\" \/><\/div>","protected":false},"excerpt":{"rendered":"<p>Serwis Clearing the Air zapozna\u0142 si\u0119 z pe\u0142n\u0105 wersj\u0105 rekomendacji Komisji Europejskiej w sprawie \u015brodowisk wolnych od dymu tytoniowego po tym, jak Euronews uzyska\u0142 pierwsze informacje na ten temat, ale zanim dokument zosta\u0142 upubliczniony, co ma nast\u0105pi\u0107 jutro rano.<\/p>\n","protected":false},"author":990003,"featured_media":21006,"comment_status":"open","ping_status":"open","sticky":false,"template":"","format":"standard","meta":{"footnotes":""},"categories":[286],"tags":[],"slider":[],"class_list":["post-21004","post","type-post","status-publish","format-standard","has-post-thumbnail","hentry","category-aktualnosci"],"_links":{"self":[{"href":"https:\/\/clearingtheair.eu\/pl\/wp-json\/wp\/v2\/posts\/21004","targetHints":{"allow":["GET"]}}],"collection":[{"href":"https:\/\/clearingtheair.eu\/pl\/wp-json\/wp\/v2\/posts"}],"about":[{"href":"https:\/\/clearingtheair.eu\/pl\/wp-json\/wp\/v2\/types\/post"}],"author":[{"embeddable":true,"href":"https:\/\/clearingtheair.eu\/pl\/wp-json\/wp\/v2\/users\/990003"}],"replies":[{"embeddable":true,"href":"https:\/\/clearingtheair.eu\/pl\/wp-json\/wp\/v2\/comments?post=21004"}],"version-history":[{"count":0,"href":"https:\/\/clearingtheair.eu\/pl\/wp-json\/wp\/v2\/posts\/21004\/revisions"}],"wp:featuredmedia":[{"embeddable":true,"href":"https:\/\/clearingtheair.eu\/pl\/wp-json\/wp\/v2\/media\/21006"}],"wp:attachment":[{"href":"https:\/\/clearingtheair.eu\/pl\/wp-json\/wp\/v2\/media?parent=21004"}],"wp:term":[{"taxonomy":"category","embeddable":true,"href":"https:\/\/clearingtheair.eu\/pl\/wp-json\/wp\/v2\/categories?post=21004"},{"taxonomy":"post_tag","embeddable":true,"href":"https:\/\/clearingtheair.eu\/pl\/wp-json\/wp\/v2\/tags?post=21004"},{"taxonomy":"slider","embeddable":true,"href":"https:\/\/clearingtheair.eu\/pl\/wp-json\/wp\/v2\/slider?post=21004"}],"curies":[{"name":"wp","href":"https:\/\/api.w.org\/{rel}","templated":true}]}}