{"id":21022,"date":"2024-09-23T13:04:16","date_gmt":"2024-09-23T13:04:16","guid":{"rendered":"https:\/\/clearingtheair.eu\/post\/exclusive-komisja-europejska-nie-ujawnila-spotkan-lobbingowych-z-ensp-w-dochodzeniu-rzecznika-praw-obywatelskich-ue-w-sprawie-konfliktu-interesow\/"},"modified":"2024-09-23T13:04:16","modified_gmt":"2024-09-23T13:04:16","slug":"exclusive-komisja-europejska-nie-ujawnila-spotkan-lobbingowych-z-ensp-w-dochodzeniu-rzecznika-praw-obywatelskich-ue-w-sprawie-konfliktu-interesow","status":"publish","type":"post","link":"https:\/\/clearingtheair.eu\/pl\/post\/exclusive-komisja-europejska-nie-ujawnila-spotkan-lobbingowych-z-ensp-w-dochodzeniu-rzecznika-praw-obywatelskich-ue-w-sprawie-konfliktu-interesow\/","title":{"rendered":"EXCLUSIVE: Komisja Europejska nie ujawni\u0142a spotka\u0144 lobbingowych z ENSP w dochodzeniu Rzecznika Praw Obywatelskich UE w sprawie konfliktu interes\u00f3w"},"content":{"rendered":"<div class=\"clear-before-content-2\" style=\"margin-top: 20px;margin-bottom: 20px;margin-left: auto;margin-right: auto;text-align: center;\" id=\"clear-3601283388\"><img src=\"https:\/\/clearingtheair.eu\/wp-content\/uploads\/2026\/04\/caafc5c68900198b80aee12c11b50184.avif\" alt=\"\"   style=\"display: inline-block;\" \/><\/div><p id=\"\"><strong id=\"\">Komisja Europejska nie ujawni\u0142a Europejskiemu Rzecznikowi Praw Obywatelskich spotka\u0144 z Europejsk\u0105 Sieci\u0105 Zapobiegania Paleniu (ENSP).<\/strong>  Rzecznik Praw Obywatelskich bada obecnie Komisj\u0119 pod k\u0105tem niew\u0142a\u015bciwego zarz\u0105dzania konfliktami interes\u00f3w, gdy przyzna\u0142a ENSP lukratywny kontrakt na pomoc w zmianie przepis\u00f3w UE dotycz\u0105cych waporyzacji.<\/p>\n<p id=\"\">Dokumenty uzyskane przez Clearing the Air pokazuj\u0105, \u017ce ENSP odby\u0142o zamkni\u0119te spotkanie z DG SANTE &#8211; cz\u0119\u015bci\u0105 Komisji Europejskiej zajmuj\u0105c\u0105 si\u0119 kontrol\u0105 tytoniu &#8211; mniej ni\u017c trzy miesi\u0105ce po przyznaniu ENSP kontraktu. Wed\u0142ug strony internetowej Rzecznika Praw Obywatelskich, ani fakt, \u017ce takie spotkanie mia\u0142o miejsce, ani protok\u00f3\u0142 z niego nie zosta\u0142y ujawnione Rzecznikowi.<em>(zobacz link do pobrania<\/em>)<\/p>\n<p id=\"\">Fakt, \u017ce spotkanie si\u0119 odby\u0142o, a tak\u017ce jego tre\u015b\u0107, pokazuj\u0105, \u017ce pomimo twierdzenia, \u017ce ENSP nie ma konfliktu interes\u00f3w i jest w stanie zapewni\u0107 obiektywne i neutralne doradztwo w zakresie zmiany przepis\u00f3w UE dotycz\u0105cych waporyzacji i bezpieczniejszych produkt\u00f3w nikotynowych, ENSP lobbowa\u0142o SANTE w\u0142a\u015bnie w tych kwestiach zaledwie kilka tygodni po przyznaniu kontraktu.<\/p>\n<p id=\"\"><strong id=\"\">Clearing the Air wys\u0142a\u0142o e-mail do Rzecznika Praw Obywatelskich, aby zwr\u00f3ci\u0107 jego uwag\u0119 na te nowe informacje.<\/strong><\/p>\n<p id=\"\">Protok\u00f3\u0142 ze spotkania jest kr\u00f3tki, ale wydaje si\u0119, \u017ce spotkanie nie mia\u0142o na celu om\u00f3wienia prac, kt\u00f3re ENSP zgodzi\u0142o si\u0119 podj\u0105\u0107 dla Komisji.<\/p>\n<p id=\"\">Podczas spotkania, kt\u00f3re odby\u0142o si\u0119 w kwietniu 2023 r., ENSP om\u00f3wi\u0142a &#8222;wnioski wyci\u0105gni\u0119te z poprzedniej rewizji dyrektywy w sprawie wyrob\u00f3w tytoniowych&#8221; i &#8222;przedstawi\u0142a bie\u017c\u0105ce wyzwania zwi\u0105zane z ich prac\u0105 zilustrowane licznymi przyk\u0142adami zar\u00f3wno na szczeblu UE, jak i krajowym&#8221;. Z kolei Komisja &#8222;przedstawi\u0142a trwaj\u0105ce prace nad \u015brodowiskami wolnymi od dymu i aerozoli oraz aktualizacj\u0119 dotycz\u0105c\u0105 przegl\u0105du dyrektywy w sprawie wyrob\u00f3w tytoniowych&#8221;. &nbsp;<\/p>\n<p id=\"\">W czerwcu 2024 r. Komisja poinformowa\u0142a jednak Rzecznika Praw Obywatelskich UE, \u017ce rola ENSP ogranicza si\u0119 do zapewnienia &#8222;dost\u0119pu do sieci ekspert\u00f3w (&#8230;), kt\u00f3rzy dostarcz\u0105 jej danych technicznych, naukowych i faktycznych zwi\u0105zanych z u\u017cywaniem tytoniu&#8221;. Komisja stwierdzi\u0142a r\u00f3wnie\u017c na spotkaniu z Rzecznikiem Praw Obywatelskich, \u017ce &#8222;\u017caden z cz\u0142onk\u00f3w konsorcjum, w tym ENSP, nie b\u0119dzie zaanga\u017cowany w okre\u015blanie polityki&#8221;. &nbsp;<\/p>\n<p id=\"\"><strong id=\"\">Fakt, \u017ce ENSP lobbowa\u0142a Komisj\u0119 w sprawie dyrektywy tytoniowej zaledwie kilka tygodni po obj\u0119ciu tej roli, rodzi pytania, czy to, co Komisja powiedzia\u0142a Rzecznikowi Praw Obywatelskich, jest dok\u0142adne.&nbsp;<\/strong><\/p>\n<p id=\"\">Praca ENSP dla Komisji ma na celu &#8222;pom\u00f3c Komisji w dotarciu do etap\u00f3w konsultacji&#8221;. O ile nam wiadomo i pomimo r\u00f3\u017cnych pr\u00f3\u015bb, Komisja Europejska ani ENSP nie zwr\u00f3ci\u0142y si\u0119 do tej pory do \u017cadnych niezale\u017cnych grup konsumenckich z pro\u015bb\u0105 o wk\u0142ad. Wygl\u0105da na to, \u017ce &#8222;sie\u0107 ekspert\u00f3w&#8221; ENSP nie b\u0119dzie obejmowa\u0107 nikogo bezpo\u015brednio dotkni\u0119tego zakazami vape.<\/p>\n<figure class=\"w-richtext-figure-type-image w-richtext-align-center\" data-rt-type=\"image\" data-rt-align=\"center\">\n<div><\/div>\n<\/figure>\n<div class=\"clear-after-content-2\" style=\"margin-top: 20px;margin-bottom: 20px;margin-left: auto;margin-right: auto;text-align: center;\" id=\"clear-4081105292\"><img src=\"https:\/\/clearingtheair.eu\/wp-content\/uploads\/2026\/04\/caafc5c68900198b80aee12c11b50184.avif\" alt=\"\"   style=\"display: inline-block;\" \/><\/div>","protected":false},"excerpt":{"rendered":"<p>Komisja Europejska nie ujawni\u0142a Europejskiemu Rzecznikowi Praw Obywatelskich spotka\u0144 z Europejsk\u0105 Sieci\u0105 Zapobiegania Paleniu (ENSP).<\/p>\n","protected":false},"author":990003,"featured_media":21027,"comment_status":"open","ping_status":"open","sticky":false,"template":"","format":"standard","meta":{"footnotes":""},"categories":[286,290],"tags":[],"slider":[],"class_list":["post-21022","post","type-post","status-publish","format-standard","has-post-thumbnail","hentry","category-aktualnosci","category-prawodawstwo"],"_links":{"self":[{"href":"https:\/\/clearingtheair.eu\/pl\/wp-json\/wp\/v2\/posts\/21022","targetHints":{"allow":["GET"]}}],"collection":[{"href":"https:\/\/clearingtheair.eu\/pl\/wp-json\/wp\/v2\/posts"}],"about":[{"href":"https:\/\/clearingtheair.eu\/pl\/wp-json\/wp\/v2\/types\/post"}],"author":[{"embeddable":true,"href":"https:\/\/clearingtheair.eu\/pl\/wp-json\/wp\/v2\/users\/990003"}],"replies":[{"embeddable":true,"href":"https:\/\/clearingtheair.eu\/pl\/wp-json\/wp\/v2\/comments?post=21022"}],"version-history":[{"count":0,"href":"https:\/\/clearingtheair.eu\/pl\/wp-json\/wp\/v2\/posts\/21022\/revisions"}],"wp:featuredmedia":[{"embeddable":true,"href":"https:\/\/clearingtheair.eu\/pl\/wp-json\/wp\/v2\/media\/21027"}],"wp:attachment":[{"href":"https:\/\/clearingtheair.eu\/pl\/wp-json\/wp\/v2\/media?parent=21022"}],"wp:term":[{"taxonomy":"category","embeddable":true,"href":"https:\/\/clearingtheair.eu\/pl\/wp-json\/wp\/v2\/categories?post=21022"},{"taxonomy":"post_tag","embeddable":true,"href":"https:\/\/clearingtheair.eu\/pl\/wp-json\/wp\/v2\/tags?post=21022"},{"taxonomy":"slider","embeddable":true,"href":"https:\/\/clearingtheair.eu\/pl\/wp-json\/wp\/v2\/slider?post=21022"}],"curies":[{"name":"wp","href":"https:\/\/api.w.org\/{rel}","templated":true}]}}