{"id":21181,"date":"2024-06-03T09:24:18","date_gmt":"2024-06-03T09:24:18","guid":{"rendered":"https:\/\/clearingtheair.eu\/post\/hiszpanscy-vaperzy-protestuja-przeciwko-zakazowi-aromatow\/"},"modified":"2024-06-03T09:24:18","modified_gmt":"2024-06-03T09:24:18","slug":"hiszpanscy-vaperzy-protestuja-przeciwko-zakazowi-aromatow","status":"publish","type":"post","link":"https:\/\/clearingtheair.eu\/pl\/post\/hiszpanscy-vaperzy-protestuja-przeciwko-zakazowi-aromatow\/","title":{"rendered":"Hiszpa\u0144scy vaperzy protestuj\u0105 przeciwko zakazowi aromat\u00f3w"},"content":{"rendered":"<div class=\"clear-before-content-2\" style=\"margin-top: 20px;margin-bottom: 20px;margin-left: auto;margin-right: auto;text-align: center;\" id=\"clear-3992644093\"><img src=\"https:\/\/clearingtheair.eu\/wp-content\/uploads\/2026\/04\/caafc5c68900198b80aee12c11b50184.avif\" alt=\"\"   style=\"display: inline-block;\" \/><\/div><p id=\"\"><strong id=\"\">Setki hiszpa\u0144skich vaper\u00f3w i w\u0142a\u015bcicieli ma\u0142ych firm zorganizowa\u0142o w pi\u0105tek demonstracj\u0119 przed Ministerstwem Zdrowia, aby zaprotestowa\u0107 przeciwko planowanym przez hiszpa\u0144ski rz\u0105d przepisom zakazuj\u0105cym stosowania aromat\u00f3w w produktach do waporyzacji.&nbsp;<\/strong><\/p>\n<p id=\"\">Protest pojawia si\u0119 w momencie, gdy rz\u0105d rozwa\u017ca, czy posun\u0105\u0107 si\u0119 naprz\u00f3d z dekretem kr\u00f3lewskim zakazuj\u0105cym aromat\u00f3w w vapes, kt\u00f3ry by\u0142 przedmiotem konsultacji publicznych w zesz\u0142ym miesi\u0105cu.<\/p>\n<p id=\"\">Clearing the Air obszernie om\u00f3wi\u0142o proponowany zakaz: <a href=\"https:\/\/www.clearingtheair.eu\/post\/spains-proposed-flavour-ban-what-happens-next\" id=\"\">nasze podsumowanie aktualnej sytuacji i kolejnych krok\u00f3w znajduje si\u0119 tutaj<\/a><a href=\"https:\/\/www.clearingtheair.eu\/post\/spains-proposed-flavour-ban-what-happens-next\" id=\"\">(i tutaj w j\u0119zyku hiszpa\u0144skim<\/a>).<\/p>\n<p id=\"\">Demonstracja &#8211; zorganizowana wsp\u00f3lnie przez UPEV (ma\u0142e firmy) i ANESVAP (konsumenci) &#8211; odby\u0142a si\u0119 z okazji \u015awiatowego Dnia Bez Tytoniu i dzie\u0144 po \u015awiatowym Dniu Vape.<\/p>\n<p id=\"\">\u00c1ngeles Muntadas-Prim, przewodnicz\u0105ca ANESVAP, podsumowa\u0142a przebieg protest\u00f3w:<\/p>\n<blockquote id=\"\"><p><em>&#8222;Ka\u017cda pr\u00f3ba zakazania czego\u015b, co uratowa\u0142o \u017cycie, jest nie do przyj\u0119cia; i dlatego protestujemy&#8221;.<\/em><\/p><\/blockquote>\n<p id=\"\">Muntadas-Prim krytycznie odni\u00f3s\u0142 si\u0119 do plan\u00f3w rz\u0105du: administracja Sancheza zrezygnowa\u0142a z plan\u00f3w dalszego ograniczania palenia papieros\u00f3w, jednocze\u015bnie podwajaj\u0105c celowanie w bezpieczniejsze produkty nikotynowe:<\/p>\n<blockquote id=\"\"><p><em>&#8222;To skandal, \u017ce z rz\u0105dowego planu walki z paleniem zrezygnowano z jednolitych opakowa\u0144 i podatk\u00f3w od papieros\u00f3w, a skupiono si\u0119 wy\u0142\u0105cznie na zakazie produkt\u00f3w, kt\u00f3re uratowa\u0142y \u017cycie ponad 700 000 by\u0142ych palaczy w Hiszpanii&#8221;,<\/em> kontynuowa\u0142a.&nbsp;<\/p><\/blockquote>\n<p id=\"\">&#8222;Jeste\u015bmy celem bardzo powa\u017cnych oskar\u017ce\u0144 i braku szacunku ze strony wy\u017cszych urz\u0119dnik\u00f3w ministerstwa, posuwaj\u0105c si\u0119 nawet do nazwania nas &#8222;filiami&#8221; przemys\u0142u tytoniowego&#8221; &#8211; wyja\u015bni\u0142 Arturo Ribes, prezes UPEV, stowarzyszenia handlowego reprezentuj\u0105cego ma\u0142e firmy waporyzacyjne w Hiszpanii.&nbsp;<\/p>\n<p id=\"\">&#8222;Ministerstwo Zdrowia chce nas pogr\u0105\u017cy\u0107, realizuj\u0105c &#8222;sw\u00f3j plan przeciwko wapowaniu&#8221;, aby po\u0142o\u017cy\u0107 kres naszemu sektorowi, naszym miejscom pracy i naszemu stylowi \u017cycia. To niedopuszczalna sytuacja&#8221; &#8211; kontynuowa\u0142. <\/p>\n<p id=\"\">UPEV ostrzega, \u017ce regulacyjne zr\u00f3wnanie z papierosami mo\u017ce spowodowa\u0107 utrat\u0119 ponad 1000 miejsc pracy i zmniejszy\u0107 obroty ma\u0142ych i \u015brednich przedsi\u0119biorstw (M\u015aP) w sektorze o 65%.  <\/p>\n<p id=\"\">\u200d<\/p>\n<div class=\"clear-after-content-2\" style=\"margin-top: 20px;margin-bottom: 20px;margin-left: auto;margin-right: auto;text-align: center;\" id=\"clear-2830252724\"><img src=\"https:\/\/clearingtheair.eu\/wp-content\/uploads\/2026\/04\/caafc5c68900198b80aee12c11b50184.avif\" alt=\"\"   style=\"display: inline-block;\" \/><\/div>","protected":false},"excerpt":{"rendered":"<p>Setki hiszpa\u0144skich vaper\u00f3w i w\u0142a\u015bcicieli ma\u0142ych firm zorganizowa\u0142o w pi\u0105tek demonstracj\u0119 przed Ministerstwem Zdrowia, aby zaprotestowa\u0107 przeciwko planowanym przez hiszpa\u0144ski rz\u0105d przepisom zakazuj\u0105cym stosowania aromat\u00f3w w produktach do waporyzacji.  <\/p>\n","protected":false},"author":990002,"featured_media":21182,"comment_status":"open","ping_status":"open","sticky":false,"template":"","format":"standard","meta":{"footnotes":""},"categories":[286,291],"tags":[],"slider":[],"class_list":["post-21181","post","type-post","status-publish","format-standard","has-post-thumbnail","hentry","category-aktualnosci","category-rzecznictwo"],"_links":{"self":[{"href":"https:\/\/clearingtheair.eu\/pl\/wp-json\/wp\/v2\/posts\/21181","targetHints":{"allow":["GET"]}}],"collection":[{"href":"https:\/\/clearingtheair.eu\/pl\/wp-json\/wp\/v2\/posts"}],"about":[{"href":"https:\/\/clearingtheair.eu\/pl\/wp-json\/wp\/v2\/types\/post"}],"author":[{"embeddable":true,"href":"https:\/\/clearingtheair.eu\/pl\/wp-json\/wp\/v2\/users\/990002"}],"replies":[{"embeddable":true,"href":"https:\/\/clearingtheair.eu\/pl\/wp-json\/wp\/v2\/comments?post=21181"}],"version-history":[{"count":0,"href":"https:\/\/clearingtheair.eu\/pl\/wp-json\/wp\/v2\/posts\/21181\/revisions"}],"wp:featuredmedia":[{"embeddable":true,"href":"https:\/\/clearingtheair.eu\/pl\/wp-json\/wp\/v2\/media\/21182"}],"wp:attachment":[{"href":"https:\/\/clearingtheair.eu\/pl\/wp-json\/wp\/v2\/media?parent=21181"}],"wp:term":[{"taxonomy":"category","embeddable":true,"href":"https:\/\/clearingtheair.eu\/pl\/wp-json\/wp\/v2\/categories?post=21181"},{"taxonomy":"post_tag","embeddable":true,"href":"https:\/\/clearingtheair.eu\/pl\/wp-json\/wp\/v2\/tags?post=21181"},{"taxonomy":"slider","embeddable":true,"href":"https:\/\/clearingtheair.eu\/pl\/wp-json\/wp\/v2\/slider?post=21181"}],"curies":[{"name":"wp","href":"https:\/\/api.w.org\/{rel}","templated":true}]}}