{"id":21326,"date":"2024-05-13T09:05:10","date_gmt":"2024-05-13T09:05:10","guid":{"rendered":"https:\/\/clearingtheair.eu\/post\/przelomowy-raport-dowodzi-ze-uzywanie-nikotyny-nie-prowadzi-do-chorob-zwiazanych-z-tytoniem\/"},"modified":"2024-05-13T09:05:10","modified_gmt":"2024-05-13T09:05:10","slug":"przelomowy-raport-dowodzi-ze-uzywanie-nikotyny-nie-prowadzi-do-chorob-zwiazanych-z-tytoniem","status":"publish","type":"post","link":"https:\/\/clearingtheair.eu\/pl\/post\/przelomowy-raport-dowodzi-ze-uzywanie-nikotyny-nie-prowadzi-do-chorob-zwiazanych-z-tytoniem\/","title":{"rendered":"Prze\u0142omowy raport dowodzi, \u017ce u\u017cywanie nikotyny NIE prowadzi do chor\u00f3b zwi\u0105zanych z tytoniem"},"content":{"rendered":"<div class=\"clear-before-content-2\" style=\"margin-top: 20px;margin-bottom: 20px;margin-left: auto;margin-right: auto;text-align: center;\" id=\"clear-732278544\"><img src=\"https:\/\/clearingtheair.eu\/wp-content\/uploads\/2026\/04\/caafc5c68900198b80aee12c11b50184.avif\" alt=\"\"   style=\"display: inline-block;\" \/><\/div><p id=\"\"><strong id=\"\">Nowy prze\u0142omowy raport &#8211; <\/strong><a href=\"https:\/\/smokefreesweden.org\/No%20Smoke%20Less%20Harm.pdf\" id=\"\" rel=\"nofollow noopener\" target=\"_blank\"><strong id=\"\">&#8222;Bez dymu, mniej szk\u00f3d<\/strong><\/a><strong id=\"\"> &#8211; dowodzi, \u017ce u\u017cywanie nikotyny NIE prowadzi do chor\u00f3b zwi\u0105zanych z paleniem tytoniu.&nbsp;<\/strong><\/p>\n<p id=\"\">Badanie pokazuje, \u017ce Szwecja ma znacznie ni\u017csze wska\u017aniki zgon\u00f3w i problem\u00f3w zdrowotnych zwi\u0105zanych z tytoniem ni\u017c inne kraje europejskie &#8211; pomimo podobnego poziomu spo\u017cycia nikotyny.<\/p>\n<p id=\"\">W Szwecji co czwarty doros\u0142y codziennie si\u0119ga po nikotyn\u0119, podobnie jak w ca\u0142ej Europie. Jednak w tym skandynawskim kraju odnotowuje si\u0119 o 41% ni\u017csz\u0105 zachorowalno\u015b\u0107 na raka p\u0142uc i o ponad PO\u0141OW\u0118 mniej zgon\u00f3w zwi\u0105zanych z paleniem tytoniu ni\u017c w 24 z 26 kraj\u00f3w europejskich. &nbsp;<\/p>\n<p id=\"\"><strong id=\"\">Pozytywny wp\u0142yw alternatyw nikotynowych<\/strong><\/p>\n<p id=\"\">Ten wyra\u017any kontrast przypisuje si\u0119 powszechnemu przyj\u0119ciu bezdymnych produkt\u00f3w nikotynowych, takich jak snus, woreczki nikotynowe i vape.<\/p>\n<p id=\"\">&#8222;To rozr\u00f3\u017cnienie mi\u0119dzy paleniem a u\u017cywaniem produkt\u00f3w bezdymnych ma kluczowe znaczenie&#8221; &#8211; m\u00f3wi dr Karl Fagerstr\u00f6m, ekspert ds. zdrowia publicznego i wsp\u00f3\u0142autor raportu.<\/p>\n<blockquote id=\"\"><p>&#8222;Chocia\u017c nikotyna uzale\u017cnia, nie powoduje powa\u017cnych chor\u00f3b zwi\u0105zanych z paleniem. Nasze odkrycia wspieraj\u0105 przesuni\u0119cie punktu ci\u0119\u017cko\u015bci z zaprzestania palenia na zast\u0105pienie go mniej szkodliwymi alternatywami dla os\u00f3b, kt\u00f3re nie s\u0105 w stanie ca\u0142kowicie rzuci\u0107 palenia&#8221;.<\/p><\/blockquote>\n<figure id=\"\" class=\"w-richtext-figure-type-image w-richtext-align-fullwidth\" style=\"max-width:1600px\" data-rt-type=\"image\" data-rt-align=\"fullwidth\" data-rt-max-width=\"1600px\">\n<div id=\"\"><\/div>\n<\/figure>\n<p id=\"\"><strong id=\"\">Wkr\u00f3tce b\u0119dziemy krajem wolnym od dymu tytoniowego<\/strong><\/p>\n<p id=\"\">Sze\u015b\u0107dziesi\u0105t lat temu papierosy pali\u0142o 49 procent szwedzkich m\u0119\u017cczyzn. Do 2022 r. szwedzka agencja zdrowia publicznego poinformowa\u0142a, \u017ce tylko 5,6% doros\u0142ych Szwed\u00f3w nadal pali papierosy. Gdy liczba ta osi\u0105gnie pi\u0119\u0107 procent, Szwecja zostanie oficjalnie uznana przez \u015awiatow\u0105 Organizacj\u0119 Zdrowia (WHO) za kraj &#8222;wolny od dymu tytoniowego&#8221;.  <\/p>\n<p id=\"\">Nowy raport, zaprezentowany podczas wydarzenia zorganizowanego w tym tygodniu przez globaln\u0105 grup\u0119 rzecznik\u00f3w zdrowia <a href=\"https:\/\/smokefreesweden.org\" id=\"\" rel=\"nofollow noopener\" target=\"_blank\">Smoke Free Sweden<\/a>, por\u00f3wnuje wska\u017aniki u\u017cywania nikotyny i r\u00f3\u017cnych chor\u00f3b zwi\u0105zanych z tytoniem w Szwecji z innymi krajami. Stwierdza on kategorycznie, \u017ce u\u017cywanie nikotyny NIE jest czynnikiem wp\u0142ywaj\u0105cym na kwestie zdrowotne zwi\u0105zane z tytoniem. <\/p>\n<p id=\"\">&#8222;Pomimo powszechnych b\u0142\u0119dnych przekona\u0144, nikotyna nie powoduje raka i ma minimalny, je\u015bli w og\u00f3le, wp\u0142yw na choroby zwi\u0105zane z paleniem tytoniu&#8221; &#8211; czytamy w o\u015bwiadczeniu.<\/p>\n<p id=\"\">W raporcie dodano, \u017ce &#8222;zawsze b\u0119d\u0105 ludzie, kt\u00f3rzy b\u0119d\u0105 chcieli spo\u017cywa\u0107 nikotyn\u0119, podobnie jak ci, kt\u00f3rzy spo\u017cywaj\u0105 kofein\u0119&#8221;, a umo\u017cliwienie konsumentom u\u017cywania nikotyny w mniej ryzykowny spos\u00f3b &#8222;uratuje miliony istnie\u0144 ludzkich&#8221;.<\/p>\n<p id=\"\"><strong id=\"\">Spos\u00f3b spo\u017cywania nikotyny jest kluczowy<\/strong><\/p>\n<p id=\"\">Raport stwierdza, \u017ce to, co wp\u0142ywa na zdrowie konsument\u00f3w, to SPOS\u00d3B spo\u017cywania nikotyny. Podczas gdy u\u017cywanie alternatywnych produkt\u00f3w, takich jak snus, nie stanowi znacz\u0105cego ryzyka, palenie wi\u0105\u017ce si\u0119 z wysok\u0105 cz\u0119sto\u015bci\u0105 zgon\u00f3w i chor\u00f3b. <\/p>\n<p id=\"\">Proaktywne dzia\u0142ania Szwecji w zakresie edukacji zdrowia publicznego i ram regulacyjnych zach\u0119ci\u0142y do przej\u015bcia na bezdymne alternatywy nikotynowe. Mia\u0142o to znacz\u0105cy wp\u0142yw na wyniki w zakresie zdrowia publicznego. &nbsp;<\/p>\n<p id=\"\">W raporcie stwierdzono, \u017ce inne kraje mog\u0142yby zaobserwowa\u0107 podobne radykalne zmniejszenie wp\u0142ywu tytoniu na zdrowie, gdyby przyj\u0119\u0142y alternatywy nikotynowe.&nbsp;<\/p>\n<blockquote id=\"\"><p>W dokumencie tym czytamy: &#8222;Ka\u017cdego roku prawie osiem milion\u00f3w ludzi umiera na ca\u0142ym \u015bwiecie z powodu chor\u00f3b zwi\u0105zanych z paleniem tytoniu. Podkre\u015bla to ogromn\u0105 szans\u0119 dla zdrowia publicznego, je\u015bli chodzi o liczb\u0119 istnie\u0144 ludzkich, kt\u00f3re mo\u017cna by uratowa\u0107, gdyby palacze przestawili si\u0119 na mniej ryzykowne produkty&#8221;.&nbsp;<\/p><\/blockquote>\n<p id=\"\"><strong id=\"\">Nauka na przyk\u0142adzie sukcesu Szwecji<\/strong><\/p>\n<p id=\"\">Wczesne post\u0119py Szwecji w zmniejszaniu liczby palaczy by\u0142y wspomagane przez tradycyjne stosowanie snusu &#8211; bezdymnego doustnego wyrobu tytoniowego. Wprowadzenie nowoczesnych alternatyw beztytoniowych, takich jak vaping w 2015 r. i doustne saszetki nikotynowe nowej generacji w 2018 r., przyspieszy\u0142o ten post\u0119p. W rezultacie liczba palaczy w Szwecji spad\u0142a o imponuj\u0105ce 55 procent w ci\u0105gu ostatniej dekady.  <\/p>\n<p id=\"\">Dr Fagerstr\u00f6m powiedzia\u0142: &#8222;Szwedzkie do\u015bwiadczenie pokazuje, \u017ce zrozumienie i zaj\u0119cie si\u0119 b\u0142\u0119dnymi przekonaniami spo\u0142ecze\u0144stwa na temat nikotyny mo\u017ce prowadzi\u0107 do polityki zdrowotnej, kt\u00f3ra lepiej chroni i informuje konsument\u00f3w&#8221;.<\/p>\n<p id=\"\">Niniejszy raport stanowi r\u00f3wnie\u017c wezwanie dla WHO i globalnych spo\u0142eczno\u015bci zajmuj\u0105cych si\u0119 zdrowiem publicznym do uznania, \u017ce to produkty spalania s\u0105 szkodliwe dla palaczy, a nie sama nikotyna.&nbsp;<\/p>\n<p id=\"\">Raport wymaga od decydent\u00f3w politycznych:&nbsp;<\/p>\n<ul id=\"\">\n<li id=\"\">Zwi\u0119kszenie \u015bwiadomo\u015bci i przyj\u0119cie THR (redukcja szk\u00f3d wyrz\u0105dzonych przez tyto\u0144).<\/li>\n<li id=\"\">Stosuj zasad\u0119 &#8222;Bez dymu, mniej szk\u00f3d&#8221;. Oznacza to <strong id=\"\">rozr\u00f3\u017cnienie mi\u0119dzy produktami w\u0119dzonymi i bezdymnymi.<\/strong> <\/li>\n<li id=\"\">Przyj\u0119cie ram regulacyjnych dla alternatyw nikotynowych, kt\u00f3re s\u0105 <strong id=\"\">adekwatne do ich ryzyka dla zdrowia.<\/strong><\/li>\n<li id=\"\">Dzia\u0142anie na rzecz wyeliminowania dezinformacji na temat nikotyny.&nbsp;<\/li>\n<li id=\"\">Zebranie wi\u0119kszej ilo\u015bci dowod\u00f3w na temat THR poprzez badania.<\/li>\n<\/ul>\n<p id=\"\">\u200d<\/p>\n<div class=\"clear-after-content-2\" style=\"margin-top: 20px;margin-bottom: 20px;margin-left: auto;margin-right: auto;text-align: center;\" id=\"clear-3052636871\"><img src=\"https:\/\/clearingtheair.eu\/wp-content\/uploads\/2026\/04\/caafc5c68900198b80aee12c11b50184.avif\" alt=\"\"   style=\"display: inline-block;\" \/><\/div>","protected":false},"excerpt":{"rendered":"<p>Nowy prze\u0142omowy raport &#8211; &#8222;No Smoke, Less Harm&#8221; &#8211; dowodzi, \u017ce u\u017cywanie nikotyny NIE prowadzi do chor\u00f3b zwi\u0105zanych z paleniem tytoniu.  <\/p>\n","protected":false},"author":990002,"featured_media":21331,"comment_status":"open","ping_status":"open","sticky":false,"template":"","format":"standard","meta":{"footnotes":""},"categories":[286],"tags":[370,333,415],"slider":[],"class_list":["post-21326","post","type-post","status-publish","format-standard","has-post-thumbnail","hentry","category-aktualnosci","tag-nikotyna","tag-sweden","tag-szwecja"],"_links":{"self":[{"href":"https:\/\/clearingtheair.eu\/pl\/wp-json\/wp\/v2\/posts\/21326","targetHints":{"allow":["GET"]}}],"collection":[{"href":"https:\/\/clearingtheair.eu\/pl\/wp-json\/wp\/v2\/posts"}],"about":[{"href":"https:\/\/clearingtheair.eu\/pl\/wp-json\/wp\/v2\/types\/post"}],"author":[{"embeddable":true,"href":"https:\/\/clearingtheair.eu\/pl\/wp-json\/wp\/v2\/users\/990002"}],"replies":[{"embeddable":true,"href":"https:\/\/clearingtheair.eu\/pl\/wp-json\/wp\/v2\/comments?post=21326"}],"version-history":[{"count":0,"href":"https:\/\/clearingtheair.eu\/pl\/wp-json\/wp\/v2\/posts\/21326\/revisions"}],"wp:featuredmedia":[{"embeddable":true,"href":"https:\/\/clearingtheair.eu\/pl\/wp-json\/wp\/v2\/media\/21331"}],"wp:attachment":[{"href":"https:\/\/clearingtheair.eu\/pl\/wp-json\/wp\/v2\/media?parent=21326"}],"wp:term":[{"taxonomy":"category","embeddable":true,"href":"https:\/\/clearingtheair.eu\/pl\/wp-json\/wp\/v2\/categories?post=21326"},{"taxonomy":"post_tag","embeddable":true,"href":"https:\/\/clearingtheair.eu\/pl\/wp-json\/wp\/v2\/tags?post=21326"},{"taxonomy":"slider","embeddable":true,"href":"https:\/\/clearingtheair.eu\/pl\/wp-json\/wp\/v2\/slider?post=21326"}],"curies":[{"name":"wp","href":"https:\/\/api.w.org\/{rel}","templated":true}]}}