{"id":21576,"date":"2024-03-22T09:52:19","date_gmt":"2024-03-22T09:52:19","guid":{"rendered":"https:\/\/clearingtheair.eu\/post\/belgijski-zakaz-uzywania-jednorazowek-pokonuje-ostatnia-przeszkode\/"},"modified":"2024-03-22T09:52:19","modified_gmt":"2024-03-22T09:52:19","slug":"belgijski-zakaz-uzywania-jednorazowek-pokonuje-ostatnia-przeszkode","status":"publish","type":"post","link":"https:\/\/clearingtheair.eu\/pl\/post\/belgijski-zakaz-uzywania-jednorazowek-pokonuje-ostatnia-przeszkode\/","title":{"rendered":"Belgijski zakaz u\u017cywania jednoraz\u00f3wek pokonuje ostatni\u0105 przeszkod\u0119"},"content":{"rendered":"<div class=\"clear-before-content-2\" style=\"margin-top: 20px;margin-bottom: 20px;margin-left: auto;margin-right: auto;text-align: center;\" id=\"clear-2560136725\"><img src=\"https:\/\/clearingtheair.eu\/wp-content\/uploads\/2026\/04\/caafc5c68900198b80aee12c11b50184.avif\" alt=\"\"   style=\"display: inline-block;\" \/><\/div><p id=\"\"><strong>Belgia ma sta\u0107 si\u0119 najnowszym krajem, kt\u00f3ry wprowadzi zakaz u\u017cywania jednoraz\u00f3wek po tym, jak proponowana przez ni\u0105 ustawa zosta\u0142a w tym tygodniu zatwierdzona przez Komisj\u0119 Europejsk\u0105.<\/strong><\/p>\n<p id=\"\">Zakaz wejdzie w \u017cycie 1 stycznia 2026 r. i obejmie tylko jednorazowe produkty zawieraj\u0105ce nikotyn\u0119, po tym jak wcze\u015bniejszy wniosek, kt\u00f3ry zakaza\u0142by r\u00f3wnie\u017c jednorazowych produkt\u00f3w niezawieraj\u0105cych nikotyny, zosta\u0142 zablokowany przez Komisj\u0119.<\/p>\n<p id=\"\">Belgia ma by\u0107 teraz pierwszym pa\u0144stwem cz\u0142onkowskim UE, kt\u00f3re wprowadzi zakaz stosowania jednoraz\u00f3wek, cho\u0107 jak informowali\u015bmy w zesz\u0142ym tygodniu, zar\u00f3wno Francja, jak i Polska pracuj\u0105 nad podobnymi \u015brodkami, kt\u00f3re mog\u0142yby wej\u015b\u0107 w \u017cycie wcze\u015bniej.<\/p>\n<p id=\"\">Poparcie Komisji dla tego \u015brodka b\u0119dzie postrzegane jako zach\u0119ta dla kraj\u00f3w proponuj\u0105cych taki zakaz i innych, kt\u00f3re mog\u0105 go rozwa\u017ca\u0107.<\/p>\n<p id=\"\">Bior\u0105c pod uwag\u0119 szereg op\u00f3\u017anie\u0144, z jakimi boryka si\u0119 UE w zakresie aktualizacji przepis\u00f3w dotycz\u0105cych kontroli tytoniu &#8211; co prawie na pewno utrudni palaczom dost\u0119p do bezpieczniejszych produkt\u00f3w nikotynowych &#8211; Komisja poszukuje \u015brodk\u00f3w, kt\u00f3re mog\u0142aby podj\u0105\u0107 w celu osi\u0105gni\u0119cia &#8222;szybkich korzy\u015bci&#8221;.<\/p>\n<p id=\"\">A je\u015bli dwa kolejne kraje p\u00f3jd\u0105 w \u015blady Belgii i wprowadz\u0105 zakaz u\u017cywania jednoraz\u00f3wek, to &#8211; <a href=\"https:\/\/www.clearingtheair.eu\/post\/the-power-of-three-how-disposable-vape-bans-in-france-belgium-and-poland-could-mean-the-end-across-the-eu\" id=\"\">jak informowali\u015bmy w Clearing the Air<\/a> &#8211; Komisja mo\u017ce wykorzysta\u0107 niejasny i nieprzejrzysty proces, aby nalega\u0107 na wprowadzenie zakazu na ca\u0142ym kontynencie.&nbsp;<\/p>\n<p id=\"\">Belgijskie Ministerstwo Zdrowia by\u0142o zadowolone z wyniku, ale naukowcy z Kings College London zwr\u00f3cili uwag\u0119, \u017ce zakaz u\u017cywania jednorazowych papieros\u00f3w mo\u017ce mie\u0107 powa\u017cne niezamierzone konsekwencje dla doros\u0142ych pr\u00f3buj\u0105cych rzuci\u0107 palenie.<\/p>\n<p>Wed\u0142ug badania, <a href=\"https:\/\/www.clearingtheair.eu\/mythbusters\/think-twice-about-banning-disposable-vapes\" id=\"\">istnieje 64% wi\u0119ksze prawdopodobie\u0144stwo, \u017ce zakaz b\u0119dzie mia\u0142 negatywne skutki dla os\u00f3b z ni\u017cszych \u015brodowisk spo\u0142eczno-ekonomicznych<\/a> i dwukrotnie wi\u0119ksze prawdopodobie\u0144stwo, \u017ce b\u0119dzie kara\u0142 osoby z zaburzeniami psychicznymi.<\/p>\n<div class=\"clear-after-content-2\" style=\"margin-top: 20px;margin-bottom: 20px;margin-left: auto;margin-right: auto;text-align: center;\" id=\"clear-3286754589\"><img src=\"https:\/\/clearingtheair.eu\/wp-content\/uploads\/2026\/04\/caafc5c68900198b80aee12c11b50184.avif\" alt=\"\"   style=\"display: inline-block;\" \/><\/div>","protected":false},"excerpt":{"rendered":"<p>Belgia ma sta\u0107 si\u0119 najnowszym krajem, kt\u00f3ry wprowadzi zakaz u\u017cywania jednoraz\u00f3wek po tym, jak proponowana przez ni\u0105 ustawa zosta\u0142a w tym tygodniu zatwierdzona przez Komisj\u0119 Europejsk\u0105.<\/p>\n","protected":false},"author":990003,"featured_media":21580,"comment_status":"open","ping_status":"open","sticky":false,"template":"","format":"standard","meta":{"footnotes":""},"categories":[286],"tags":[],"slider":[],"class_list":["post-21576","post","type-post","status-publish","format-standard","has-post-thumbnail","hentry","category-aktualnosci"],"_links":{"self":[{"href":"https:\/\/clearingtheair.eu\/pl\/wp-json\/wp\/v2\/posts\/21576","targetHints":{"allow":["GET"]}}],"collection":[{"href":"https:\/\/clearingtheair.eu\/pl\/wp-json\/wp\/v2\/posts"}],"about":[{"href":"https:\/\/clearingtheair.eu\/pl\/wp-json\/wp\/v2\/types\/post"}],"author":[{"embeddable":true,"href":"https:\/\/clearingtheair.eu\/pl\/wp-json\/wp\/v2\/users\/990003"}],"replies":[{"embeddable":true,"href":"https:\/\/clearingtheair.eu\/pl\/wp-json\/wp\/v2\/comments?post=21576"}],"version-history":[{"count":0,"href":"https:\/\/clearingtheair.eu\/pl\/wp-json\/wp\/v2\/posts\/21576\/revisions"}],"wp:featuredmedia":[{"embeddable":true,"href":"https:\/\/clearingtheair.eu\/pl\/wp-json\/wp\/v2\/media\/21580"}],"wp:attachment":[{"href":"https:\/\/clearingtheair.eu\/pl\/wp-json\/wp\/v2\/media?parent=21576"}],"wp:term":[{"taxonomy":"category","embeddable":true,"href":"https:\/\/clearingtheair.eu\/pl\/wp-json\/wp\/v2\/categories?post=21576"},{"taxonomy":"post_tag","embeddable":true,"href":"https:\/\/clearingtheair.eu\/pl\/wp-json\/wp\/v2\/tags?post=21576"},{"taxonomy":"slider","embeddable":true,"href":"https:\/\/clearingtheair.eu\/pl\/wp-json\/wp\/v2\/slider?post=21576"}],"curies":[{"name":"wp","href":"https:\/\/api.w.org\/{rel}","templated":true}]}}