{"id":21818,"date":"2024-12-13T10:18:51","date_gmt":"2024-12-13T10:18:51","guid":{"rendered":"https:\/\/clearingtheair.eu\/post\/meksyk-jest-bliski-stania-sie-pierwszym-krajem-ktory-doda-zakaz-waporyzacji-do-konstytucji\/"},"modified":"2024-12-13T10:18:51","modified_gmt":"2024-12-13T10:18:51","slug":"meksyk-jest-bliski-stania-sie-pierwszym-krajem-ktory-doda-zakaz-waporyzacji-do-konstytucji","status":"publish","type":"post","link":"https:\/\/clearingtheair.eu\/pl\/post\/meksyk-jest-bliski-stania-sie-pierwszym-krajem-ktory-doda-zakaz-waporyzacji-do-konstytucji\/","title":{"rendered":"Meksyk jest bliski stania si\u0119 pierwszym krajem, kt\u00f3ry doda zakaz waporyzacji do konstytucji"},"content":{"rendered":"<p id=\"\"><strong id=\"\">Meksyk jest o krok bli\u017cej do stania si\u0119 pierwszym krajem w historii, kt\u00f3ry wpisze zakaz waporyzacji do swojej konstytucji.&nbsp;<br \/><\/strong><\/p>\n<p id=\"\">Senat Meksyku zag\u0142osowa\u0142 wczoraj jednog\u0142o\u015bnie za przyj\u0119ciem reformy, kt\u00f3ra zaka\u017ce produkcji, dystrybucji i sprzeda\u017cy wszystkich rodzaj\u00f3w waporyzator\u00f3w.<\/p>\n<p id=\"\">Ustawa musi teraz zosta\u0107 przyj\u0119ta przez kongresy w ka\u017cdym z 28 stan\u00f3w Meksyku &#8211; a oczekuje si\u0119, \u017ce tak si\u0119 stanie &#8211; zanim zostanie wprowadzona w \u017cycie.&nbsp;&nbsp;<\/p>\n<p id=\"\">Meksyka\u0144ski rz\u0105d twierdzi, \u017ce jest zaniepokojony potencjalnymi zagro\u017ceniami dla zdrowia zwi\u0105zanymi z wapowaniem i rosn\u0105c\u0105 liczb\u0105 m\u0142odych ludzi uzale\u017cnionych od nikotyny.&nbsp;<\/p>\n<p id=\"\"><strong id=\"\">Zepchni\u0119cie rynku waporyzacji do podziemia<\/strong><\/p>\n<p id=\"\">Krytycy zakazu ostrzegaj\u0105 jednak, \u017ce doprowadzi on do rozkwitu i tak ju\u017c kwitn\u0105cego i niebezpiecznego czarnego rynku oraz utraty potencjalnych wp\u0142yw\u00f3w z podatk\u00f3w.&nbsp;<\/p>\n<p id=\"\">Cuauhtemoc Rivera, prezes Narodowego Sojuszu Drobnych Kupc\u00f3w, powiedzia\u0142 sieci Milenio TV:  <\/p>\n<blockquote id=\"\"><p>&#8222;Istnieje blisko dwa miliony konsument\u00f3w tych produkt\u00f3w, a zakazuj\u0105c ich komercjalizacji&#8230; przekazuj\u0105 ten rynek czarnemu rynkowi&#8221;.&nbsp;<\/p><\/blockquote>\n<p id=\"\">Istniej\u0105 r\u00f3wnie\u017c obawy, \u017ce zakaz mo\u017ce zwi\u0119kszy\u0107 i tak ju\u017c wysoki wska\u017anik palenia w Meksyku, wynosz\u0105cy 11,6%, co odpowiada 15 milionom ludzi. Palenie zabija w tym kraju ponad 50 000 os\u00f3b rocznie, podczas gdy udowodniono, \u017ce vaping nie powoduje \u017cadnych chor\u00f3b zwi\u0105zanych z tytoniem. &nbsp;<\/p>\n<p id=\"\">Sprzeda\u017c i import waporyzator\u00f3w zosta\u0142y wcze\u015bniej zakazane w Meksyku. Jednak produkty te s\u0105 nadal szeroko dost\u0119pne po tym, jak zakaz zosta\u0142 skutecznie zakwestionowany w s\u0105dzie i uznany za &#8222;niezgodny z konstytucj\u0105&#8221;. <\/p>\n<p id=\"\"><strong id=\"\">Prawie niemo\u017cliwe do odwr\u00f3cenia<\/strong><\/p>\n<p id=\"\">Najnowsze posuni\u0119cie wiod\u0105cej w kraju partii Morena &#8211; kt\u00f3ra ma przyt\u0142aczaj\u0105c\u0105 wi\u0119kszo\u015b\u0107 &#8211; w celu dodania zakazu do artyku\u0142u 4 meksyka\u0144skiej konstytucji (&#8222;prawo do zdrowia&#8221;) oznacza, \u017ce b\u0119dzie on prawie niemo\u017cliwy do cofni\u0119cia.&nbsp;<\/p>\n<p id=\"\">Propozycja <a href=\"https:\/\/www.clearingtheair.eu\/en\/post\/mexicos-new-law-to-ban-vapes-passes-major-hurdle\" id=\"\">przesz\u0142a przez ni\u017csz\u0105 izb\u0119 kongresu federalnego<\/a> na pocz\u0105tku tego tygodnia, 410 g\u0142osami za i tylko 24 przeciw.&nbsp;<\/p>\n<p id=\"\">Chocia\u017c waporyzatory s\u0105 ju\u017c technicznie nielegalne w Meksyku, istnieje kwitn\u0105cy czarny rynek prowadzony przez gangi przest\u0119pcze, a prawie dwa miliony Meksykan\u00f3w u\u017cywa waporyzator\u00f3w.&nbsp;<\/p>\n<p id=\"\">Tymczasem poprawka konstytucyjna nie zaka\u017ce papieros\u00f3w, kt\u00f3re zabijaj\u0105 nawet po\u0142ow\u0119 wszystkich regularnych palaczy.&nbsp;&nbsp;<\/p>\n<p id=\"\"><strong id=\"\">Zakaz Vape obejmuje narkotyk Fentanyl<\/strong><\/p>\n<p id=\"\">Nowa reforma sankcjonuje r\u00f3wnie\u017c &#8222;produkcj\u0119, dystrybucj\u0119 i sprzeda\u017c substancji toksycznych, prekursor\u00f3w chemicznych, nielegalne stosowanie fentanylu i innych niedozwolonych narkotyk\u00f3w syntetycznych&#8221;.<\/p>\n<p id=\"\">Fentanyl, cho\u0107 zatwierdzony do niekt\u00f3rych zastosowa\u0144 medycznych, jest ju\u017c zakazany w Meksyku, ale pozostaje powszechnie dost\u0119pny.<\/p>\n<p id=\"\">Ustawodawca opozycyjny Ector Jaime Ramirez ostrzeg\u0142, \u017ce zakaz waporyzacji i fentanylu w ramach tej samej reformy jest przesadny i &#8222;trywializuje wysi\u0142ki podejmowane w celu zwalczania najbardziej uzale\u017cniaj\u0105cych i niebezpiecznych narkotyk\u00f3w&#8221;.<\/p>\n<p id=\"\">Zwolennicy vape i dzia\u0142acze antynikotynowi twierdz\u0105, \u017ce skuteczniejsz\u0105 alternatyw\u0105 dla zakazu vape by\u0142oby uregulowanie ich w podobny spos\u00f3b jak tytoniu i alkoholu. S\u0105 one monitorowane przez agencje zdrowia, opodatkowane i nielegalne do kupienia dla os\u00f3b poni\u017cej 18 roku \u017cycia. <\/p>\n<p id=\"\">\u200d<\/p>\n","protected":false},"excerpt":{"rendered":"<p>Senat Meksyku zag\u0142osowa\u0142 wczoraj jednog\u0142o\u015bnie za przyj\u0119ciem reformy, kt\u00f3ra zaka\u017ce produkcji, dystrybucji i sprzeda\u017cy wszystkich rodzaj\u00f3w waporyzator\u00f3w.<\/p>\n","protected":false},"author":990002,"featured_media":21822,"comment_status":"open","ping_status":"open","sticky":false,"template":"","format":"standard","meta":{"footnotes":""},"categories":[286],"tags":[],"slider":[],"class_list":["post-21818","post","type-post","status-publish","format-standard","has-post-thumbnail","hentry","category-aktualnosci"],"_links":{"self":[{"href":"https:\/\/clearingtheair.eu\/pl\/wp-json\/wp\/v2\/posts\/21818","targetHints":{"allow":["GET"]}}],"collection":[{"href":"https:\/\/clearingtheair.eu\/pl\/wp-json\/wp\/v2\/posts"}],"about":[{"href":"https:\/\/clearingtheair.eu\/pl\/wp-json\/wp\/v2\/types\/post"}],"author":[{"embeddable":true,"href":"https:\/\/clearingtheair.eu\/pl\/wp-json\/wp\/v2\/users\/990002"}],"replies":[{"embeddable":true,"href":"https:\/\/clearingtheair.eu\/pl\/wp-json\/wp\/v2\/comments?post=21818"}],"version-history":[{"count":0,"href":"https:\/\/clearingtheair.eu\/pl\/wp-json\/wp\/v2\/posts\/21818\/revisions"}],"wp:featuredmedia":[{"embeddable":true,"href":"https:\/\/clearingtheair.eu\/pl\/wp-json\/wp\/v2\/media\/21822"}],"wp:attachment":[{"href":"https:\/\/clearingtheair.eu\/pl\/wp-json\/wp\/v2\/media?parent=21818"}],"wp:term":[{"taxonomy":"category","embeddable":true,"href":"https:\/\/clearingtheair.eu\/pl\/wp-json\/wp\/v2\/categories?post=21818"},{"taxonomy":"post_tag","embeddable":true,"href":"https:\/\/clearingtheair.eu\/pl\/wp-json\/wp\/v2\/tags?post=21818"},{"taxonomy":"slider","embeddable":true,"href":"https:\/\/clearingtheair.eu\/pl\/wp-json\/wp\/v2\/slider?post=21818"}],"curies":[{"name":"wp","href":"https:\/\/api.w.org\/{rel}","templated":true}]}}