{"id":21831,"date":"2025-01-17T09:58:03","date_gmt":"2025-01-17T09:58:03","guid":{"rendered":"https:\/\/clearingtheair.eu\/post\/lotwa-wprowadza-szereg-nowych-surowych-ograniczen-dotyczacych-waporyzacji\/"},"modified":"2025-02-18T12:51:29","modified_gmt":"2025-02-18T12:51:29","slug":"lotwa-wprowadza-szereg-nowych-surowych-ograniczen-dotyczacych-waporyzacji","status":"publish","type":"post","link":"https:\/\/clearingtheair.eu\/pl\/post\/lotwa-wprowadza-szereg-nowych-surowych-ograniczen-dotyczacych-waporyzacji\/","title":{"rendered":"\u0141otwa wprowadza szereg nowych, surowych ogranicze\u0144 dotycz\u0105cych waporyzacji"},"content":{"rendered":"\n<p>\u0141otwa wprowadzi\u0142a nowe, surowe ograniczenia dotycz\u0105ce vape&#8217;\u00f3w i innych bezpieczniejszych nikotynowych alternatyw dla palenia.  <\/p>\n\n<p>Od 1 stycznia smaki vape s\u0105 zakazane w kraju ba\u0142tyckim, z wyj\u0105tkiem tytoniu. Woreczki maj\u0105 r\u00f3wnie\u017c limit poziomu nikotyny, jaki mog\u0105 zawiera\u0107. Wszystkie wyroby tytoniowe, vape i woreczki z nikotyn\u0105 nie mog\u0105 by\u0107 teraz legalnie sprzedawane osobom poni\u017cej 20 roku \u017cycia.    <\/p>\n\n<p>Ka\u017cdy, kto zostanie przy\u0142apany na \u0142amaniu nowego prawa, zostanie ukarany wysok\u0105 grzywn\u0105 w wysoko\u015bci od 280 do 700 euro dla osoby fizycznej i od 700 do 7 100 euro dla firmy.<\/p>\n\n<p><strong>Prawo &#8222;przyniesie odwrotny skutek<\/strong><\/p>\n\n<p>\u0141otewskie Stowarzyszenie Tradycyjnych i Bezdymnych Wyrob\u00f3w Tytoniowych, kt\u00f3re sprzeciwia\u0142o si\u0119 nowym przepisom od momentu ich zaproponowania, ostrzega, \u017ce przynios\u0105 one odwrotny skutek, poniewa\u017c ludzie b\u0119d\u0105 po prostu kupowa\u0107 waporyzatory gdzie indziej lub nielegalnie.<\/p>\n\n<p>&#8222;Zak\u0142adam, \u017ce podobnie jak w przypadku innych produkt\u00f3w, krewni i przyjaciele, kt\u00f3rzy podr\u00f3\u017cuj\u0105, b\u0119d\u0105 mogli przywie\u017a\u0107 je z zagranicy&#8221;, Anrijs Matiss, cz\u0142onek zarz\u0105du organizacji, powiedzia\u0142 \u0142otewskiej telewizji publicznej Latvijas Telev\u012bzija.  <\/p>\n\n<p>&#8222;Jak wszystkie nielegalne rzeczy, handel Telegramem [buying through the messaging platform\u2019s online marketplace] prawdopodobnie r\u00f3wnie\u017c si\u0119 rozwinie. I trudno to powstrzyma\u0107&#8221;.  <\/p>\n\n<p>Dochodzenie przeprowadzone przez Latvijas Telev\u012bzija ujawni\u0142o r\u00f3wnie\u017c, \u017ce wiele firm, kt\u00f3re wcze\u015bniej sprzedawa\u0142y wk\u0142ady uzupe\u0142niaj\u0105ce, szuka luk w celu obej\u015bcia prawa, co oznacza, \u017ce b\u0119dzie ono mia\u0142o niewielki wp\u0142yw.  <\/p>\n\n<p>Nadawca odkry\u0142, \u017ce jedna z firm planuje sprzedawa\u0107 oddzielne butelki z nikotyn\u0105 i aromatem, aby klienci mogli je samodzielnie miesza\u0107.<\/p>\n\n<blockquote class=\"wp-block-quote is-layout-flow wp-block-quote-is-layout-flow\">\n<p>&#8222;Z pewno\u015bci\u0105 po Nowym Roku pojawi\u0105 si\u0119 alternatywy, kt\u00f3re b\u0119dzie mo\u017cna zaoferowa\u0107 klientowi, ale nie b\u0119d\u0105 one mia\u0142y tak szerokiego zakresu&#8221; &#8211; powiedzia\u0142a Jekaterina Smirnova z firmy Ecodumas. &#8222;Zwi\u0119kszajmy zakres stopniowo, a po pewnym czasie z pewno\u015bci\u0105 b\u0119dzie on wi\u0119kszy&#8221;.  <\/p>\n<\/blockquote>\n\n<p>Tymczasem bran\u017ca saszetek nikotynowych &#8211; kt\u00f3ra jest zmuszona do zmniejszenia zawarto\u015bci nikotyny w swoich produktach &#8211; spodziewa si\u0119, \u017ce produkty znikn\u0105 z p\u00f3\u0142ek sklepowych, przynajmniej tymczasowo, wed\u0142ug nadawcy.<\/p>\n\n<p><strong>Marka Vape podejmuje wyzwanie prawne  <\/strong><\/p>\n\n<p>Marka Vape Pro Vape zaskar\u017cy\u0142a nowe prawo, kt\u00f3re jest obecnie rozpatrywane przez Trybuna\u0142 Konstytucyjny \u0141otwy. Pro Vape prosi s\u0105d o rozwa\u017cenie, czy zmiany s\u0105 zgodne z art. 105 Konstytucji, dotycz\u0105cym w\u0142asno\u015bci osobistej. Firma twierdzi, \u017ce zosta\u0142a zmuszona do wprowadzenia powa\u017cnych zmian biznesowych w ci\u0105gu zaledwie kilku miesi\u0119cy, co narusza jej prawa w\u0142asno\u015bci.  <\/p>\n\n<p>Pro Vape twierdzi r\u00f3wnie\u017c, \u017ce nowe przepisy mog\u0105 u\u0142atwi\u0107 rozw\u00f3j nielegalnego rynku. Wskazuje, \u017ce produkty o smaku innym ni\u017c tytoniowy stanowi\u0105 ogromne 90 procent rynku, co oznacza, \u017ce zakaz jest zasadniczo r\u00f3wnoznaczny z ca\u0142kowitym zakazem waporyzacji. <\/p>\n\n<p>\u0141otwa mia\u0142a ju\u017c pewne ograniczenia dotycz\u0105ce wapowania przed wprowadzeniem nowych przepis\u00f3w. Obejmuj\u0105 one zakaz waporyzacji w odleg\u0142o\u015bci 10 metr\u00f3w od budynk\u00f3w rz\u0105dowych, przystank\u00f3w transportu publicznego, klatek schodowych lub korytarzy, balkon\u00f3w i w pobli\u017cu dzieci. Ka\u017cdy, kto zostanie poproszony o zaprzestanie wapowania w pobli\u017cu innej osoby, musi to zrobi\u0107 zgodnie z prawem.    <\/p>\n\n<p><strong>Strata 10 milion\u00f3w euro rocznie na podatkach  <\/strong><\/p>\n\n<p>\u0141otwa stosuje skomplikowan\u0105 formu\u0142\u0119 podatkow\u0105 do e-liquid\u00f3w, kt\u00f3ra uwzgl\u0119dnia ilo\u015b\u0107 nikotyny w butelce: 0,005 euro za miligram nikotyny opr\u00f3cz 0,01 euro za mililitr p\u0142ynu.  <\/p>\n\n<p>Do ostatecznej ceny detalicznej doliczany jest r\u00f3wnie\u017c podatek od towar\u00f3w i us\u0142ug (VAT) w wysoko\u015bci 21%.<\/p>\n\n<p>Stowarzyszenie Tradycyjnych i Bezdymnych Wyrob\u00f3w Tytoniowych szacuje, \u017ce bud\u017cet pa\u0144stwa straci oko\u0142o 10 milion\u00f3w euro rocznie na podatkach w zwi\u0105zku z nowymi przepisami.  <\/p>\n\n<p>Unijny plan walki z rakiem ma na celu osi\u0105gni\u0119cie &#8222;pokolenia wolnego od tytoniu&#8221; do 2040 roku. W tym celu ustalono cel 30-procentowej redukcji u\u017cywania tytoniu do 2025 roku. <\/p>\n\n<p>Jednak coraz wi\u0119cej dowod\u00f3w z kraj\u00f3w takich jak Australia, Brazylia i Meksyk pokazuje, \u017ce zakaz wapowania po prostu nap\u0119dza niebezpieczny czarny rynek i mo\u017ce sprawi\u0107, \u017ce ludzie wr\u00f3c\u0105 do palenia.<\/p>\n\n<p>W mi\u0119dzyczasie kraje, kt\u00f3re zach\u0119caj\u0105 do korzystania z regulowanych waporyzator\u00f3w jako alternatywy dla palenia, takie jak Szwecja, odnotowa\u0142y gwa\u0142towny spadek liczby palaczy.<\/p>\n","protected":false},"excerpt":{"rendered":"<p>\u0141otwa wprowadzi\u0142a nowe, surowe ograniczenia dotycz\u0105ce vape&#8217;\u00f3w i innych bezpieczniejszych nikotynowych alternatyw dla palenia. Od 1 stycznia smaki vape s\u0105 zakazane w kraju ba\u0142tyckim, z wyj\u0105tkiem tytoniu. Woreczki maj\u0105 r\u00f3wnie\u017c limit poziomu nikotyny, jaki mog\u0105 zawiera\u0107. Wszystkie wyroby tytoniowe, vape i woreczki&hellip;<\/p>\n","protected":false},"author":990002,"featured_media":21835,"comment_status":"open","ping_status":"open","sticky":false,"template":"","format":"standard","meta":{"footnotes":""},"categories":[286,290],"tags":[415],"slider":[202],"class_list":["post-21831","post","type-post","status-publish","format-standard","has-post-thumbnail","hentry","category-aktualnosci","category-prawodawstwo","tag-szwecja","slider-slider-1"],"_links":{"self":[{"href":"https:\/\/clearingtheair.eu\/pl\/wp-json\/wp\/v2\/posts\/21831","targetHints":{"allow":["GET"]}}],"collection":[{"href":"https:\/\/clearingtheair.eu\/pl\/wp-json\/wp\/v2\/posts"}],"about":[{"href":"https:\/\/clearingtheair.eu\/pl\/wp-json\/wp\/v2\/types\/post"}],"author":[{"embeddable":true,"href":"https:\/\/clearingtheair.eu\/pl\/wp-json\/wp\/v2\/users\/990002"}],"replies":[{"embeddable":true,"href":"https:\/\/clearingtheair.eu\/pl\/wp-json\/wp\/v2\/comments?post=21831"}],"version-history":[{"count":1,"href":"https:\/\/clearingtheair.eu\/pl\/wp-json\/wp\/v2\/posts\/21831\/revisions"}],"predecessor-version":[{"id":21840,"href":"https:\/\/clearingtheair.eu\/pl\/wp-json\/wp\/v2\/posts\/21831\/revisions\/21840"}],"wp:featuredmedia":[{"embeddable":true,"href":"https:\/\/clearingtheair.eu\/pl\/wp-json\/wp\/v2\/media\/21835"}],"wp:attachment":[{"href":"https:\/\/clearingtheair.eu\/pl\/wp-json\/wp\/v2\/media?parent=21831"}],"wp:term":[{"taxonomy":"category","embeddable":true,"href":"https:\/\/clearingtheair.eu\/pl\/wp-json\/wp\/v2\/categories?post=21831"},{"taxonomy":"post_tag","embeddable":true,"href":"https:\/\/clearingtheair.eu\/pl\/wp-json\/wp\/v2\/tags?post=21831"},{"taxonomy":"slider","embeddable":true,"href":"https:\/\/clearingtheair.eu\/pl\/wp-json\/wp\/v2\/slider?post=21831"}],"curies":[{"name":"wp","href":"https:\/\/api.w.org\/{rel}","templated":true}]}}