{"id":21901,"date":"2024-02-12T11:10:22","date_gmt":"2024-02-12T11:10:22","guid":{"rendered":"https:\/\/clearingtheair.eu\/post\/przewodnik-po-wyborach-europejskich\/"},"modified":"2024-02-12T11:10:22","modified_gmt":"2024-02-12T11:10:22","slug":"przewodnik-po-wyborach-europejskich","status":"publish","type":"post","link":"https:\/\/clearingtheair.eu\/pl\/post\/przewodnik-po-wyborach-europejskich\/","title":{"rendered":"Przewodnik po wyborach europejskich"},"content":{"rendered":"<div class=\"clear-before-content-2\" style=\"margin-top: 20px;margin-bottom: 20px;margin-left: auto;margin-right: auto;text-align: center;\" id=\"clear-93149953\"><img src=\"https:\/\/clearingtheair.eu\/wp-content\/uploads\/2026\/04\/caafc5c68900198b80aee12c11b50184.avif\" alt=\"\"   style=\"display: inline-block;\" \/><\/div><p id=\"\"><strong id=\"\">Kiedy to nast\u0105pi?<\/strong><\/p>\n<p id=\"\">Od 6 do 9 czerwca 2024 r. obywatele Unii Europejskiej (UE) p\u00f3jd\u0105 do urn, aby wybra\u0107 720 polityk\u00f3w do Parlamentu Europejskiego.&nbsp;<\/p>\n<p id=\"\">Odbywaj\u0105ce si\u0119 w ci\u0105gu czterech dni, w 27 krajach i w 24 r\u00f3\u017cnych j\u0119zykach, s\u0105 najwi\u0119kszymi mi\u0119dzynarodowymi wyborami na \u015bwiecie. Wybory europejskie odbywaj\u0105 si\u0119 co pi\u0119\u0107 lat. &nbsp;&nbsp;<\/p>\n<p id=\"\"><strong id=\"\">Ile jest miejsc siedz\u0105cych?<\/strong><\/p>\n<p id=\"\">Obecnie w Parlamencie Europejskim, kt\u00f3ry jest jedyn\u0105 instytucj\u0105 UE wybieran\u0105 w wyborach bezpo\u015brednich, jest 705 miejsc. W nadchodz\u0105cych wyborach liczba ta wzro\u015bnie o 15 do 720. &nbsp;<\/p>\n<p id=\"\">Poniewa\u017c kraje cz\u0142onkowskie UE r\u00f3\u017cni\u0105 si\u0119 wielko\u015bci\u0105, wybieraj\u0105 r\u00f3\u017cn\u0105 liczb\u0119 pos\u0142\u00f3w do Parlamentu Europejskiego. Ka\u017cdy kraj mo\u017ce jednak posiada\u0107 nie wi\u0119cej ni\u017c 96 i nie mniej ni\u017c 6 mandat\u00f3w. &nbsp;<\/p>\n<p id=\"\">W tej chwili Niemcy maj\u0105 maksymaln\u0105 liczb\u0119 reprezentant\u00f3w (96), Francja zajmuje drugie miejsce (79), a W\u0142ochy trzecie (76).<\/p>\n<p id=\"\">Aby uzyska\u0107 dodatkowe miejsca, niekt\u00f3re kraje wybior\u0105 kilku pos\u0142\u00f3w do PE wi\u0119cej ni\u017c poprzednio, ale \u017caden kraj nie wybierze mniej.&nbsp;<\/p>\n<p id=\"\"><strong id=\"\">Czym s\u0105 grupy parlamentarne?<\/strong><\/p>\n<p id=\"\">Pos\u0142owie do PE z ka\u017cdego kraju cz\u0142onkowskiego nale\u017c\u0105 do jednej z siedmiu grup parlamentarnych lub <em id=\"\">nie s\u0105 cz\u0142onkami<\/em> grupy.&nbsp;<\/p>\n<p>Grupa Europejskiej Partii Ludowej (EPP) i Post\u0119powy Sojusz Socjalist\u00f3w i Demokrat\u00f3w (S&amp;D) s\u0105 obecnie najwi\u0119kszymi grupami politycznymi, a Partia Odnowy Europy plasuje si\u0119 tu\u017c za nimi.&nbsp;<\/p>\n<p id=\"\"><strong id=\"\">Jak g\u0142osuj\u0105 poszczeg\u00f3lne kraje?<\/strong><\/p>\n<p id=\"\">Ka\u017cdy kraj europejski mo\u017ce zdecydowa\u0107, w kt\u00f3rym dniu mi\u0119dzy 5 a 9 czerwca 2024 r. odb\u0119d\u0105 si\u0119 wybory.&nbsp;<\/p>\n<p id=\"\">Na wybory europejskie du\u017cy wp\u0142yw ma polityka ka\u017cdego kraju cz\u0142onkowskiego. Zr\u00f3\u017cnicowane systemy i zasady wyborcze w tych krajach dodaj\u0105 kolejn\u0105 warstw\u0119 z\u0142o\u017cono\u015bci. <\/p>\n<p id=\"\">Wszystkie systemy g\u0142osowania musz\u0105 zapewnia\u0107 reprezentacj\u0119 proporcjonaln\u0105 (w kt\u00f3rej udzia\u0142 mandat\u00f3w jest proporcjonalny do oddanych g\u0142os\u00f3w) w wyborach europejskich, ale krajowe systemy wyborcze znacznie si\u0119 r\u00f3\u017cni\u0105.<\/p>\n<p id=\"\">Na przyk\u0142ad, minimalny pr\u00f3g wiekowy dla kandydat\u00f3w waha si\u0119 od 18 do 25 lat, a 14 z 27 kraj\u00f3w cz\u0142onkowskich wymaga od partii politycznych przekroczenia progu procentowego, aby wej\u015b\u0107 do Parlamentu Europejskiego.<\/p>\n<p id=\"\"><strong id=\"\">Frekwencja wyborcza<\/strong><\/p>\n<p id=\"\">Frekwencja w wyborach europejskich r\u00f3\u017cni si\u0119 drastycznie w zale\u017cno\u015bci od kraju. W pi\u0119ciu krajach UE g\u0142osowanie jest obowi\u0105zkowe, ale og\u00f3lnie frekwencja w wyborach europejskich jest bardzo niska. &nbsp;<\/p>\n<p id=\"\"><strong id=\"\">Co przewiduj\u0105 sonda\u017ce?<\/strong><\/p>\n<p id=\"\">Ostatnie sonda\u017ce wskazuj\u0105 na zyski skrajnie prawicowej partii To\u017csamo\u015b\u0107 i Demokracja, cho\u0107 EPL i S&amp;D nadal dominuj\u0105.<\/p>\n<p id=\"\">Analiza scenariusza, jak wygl\u0105da\u0142by Parlament Europejski, gdyby zosta\u0142 wybrany dzisiaj, kt\u00f3ra przypisuje nowe niezrzeszone partie do grup parlamentarnych, pokazuje zyski prawicowych grup parlamentarnych.<\/p>\n<p id=\"\">Wci\u0105\u017c jest jednak czas na zmian\u0119 perspektyw.<\/p>\n<p>\u200d<\/p>\n<div class=\"clear-after-content-2\" style=\"margin-top: 20px;margin-bottom: 20px;margin-left: auto;margin-right: auto;text-align: center;\" id=\"clear-1114930826\"><img src=\"https:\/\/clearingtheair.eu\/wp-content\/uploads\/2026\/04\/caafc5c68900198b80aee12c11b50184.avif\" alt=\"\"   style=\"display: inline-block;\" \/><\/div>","protected":false},"excerpt":{"rendered":"<p>Odbywaj\u0105ce si\u0119 w ci\u0105gu czterech dni, w 27 krajach i w 24 r\u00f3\u017cnych j\u0119zykach, s\u0105 najwi\u0119kszymi mi\u0119dzynarodowymi wyborami na \u015bwiecie. Wybory europejskie odbywaj\u0105 si\u0119 co pi\u0119\u0107 lat. <\/p>\n","protected":false},"author":990002,"featured_media":21904,"comment_status":"open","ping_status":"open","sticky":false,"template":"","format":"standard","meta":{"footnotes":""},"categories":[286,290],"tags":[],"slider":[],"class_list":["post-21901","post","type-post","status-publish","format-standard","has-post-thumbnail","hentry","category-aktualnosci","category-prawodawstwo"],"_links":{"self":[{"href":"https:\/\/clearingtheair.eu\/pl\/wp-json\/wp\/v2\/posts\/21901","targetHints":{"allow":["GET"]}}],"collection":[{"href":"https:\/\/clearingtheair.eu\/pl\/wp-json\/wp\/v2\/posts"}],"about":[{"href":"https:\/\/clearingtheair.eu\/pl\/wp-json\/wp\/v2\/types\/post"}],"author":[{"embeddable":true,"href":"https:\/\/clearingtheair.eu\/pl\/wp-json\/wp\/v2\/users\/990002"}],"replies":[{"embeddable":true,"href":"https:\/\/clearingtheair.eu\/pl\/wp-json\/wp\/v2\/comments?post=21901"}],"version-history":[{"count":0,"href":"https:\/\/clearingtheair.eu\/pl\/wp-json\/wp\/v2\/posts\/21901\/revisions"}],"wp:featuredmedia":[{"embeddable":true,"href":"https:\/\/clearingtheair.eu\/pl\/wp-json\/wp\/v2\/media\/21904"}],"wp:attachment":[{"href":"https:\/\/clearingtheair.eu\/pl\/wp-json\/wp\/v2\/media?parent=21901"}],"wp:term":[{"taxonomy":"category","embeddable":true,"href":"https:\/\/clearingtheair.eu\/pl\/wp-json\/wp\/v2\/categories?post=21901"},{"taxonomy":"post_tag","embeddable":true,"href":"https:\/\/clearingtheair.eu\/pl\/wp-json\/wp\/v2\/tags?post=21901"},{"taxonomy":"slider","embeddable":true,"href":"https:\/\/clearingtheair.eu\/pl\/wp-json\/wp\/v2\/slider?post=21901"}],"curies":[{"name":"wp","href":"https:\/\/api.w.org\/{rel}","templated":true}]}}