{"id":22021,"date":"2024-12-06T10:17:57","date_gmt":"2024-12-06T10:17:57","guid":{"rendered":"https:\/\/clearingtheair.eu\/post\/woreczki-z-nikotyna-nadal-szeroko-dostepne-w-belgii-rok-po-wprowadzeniu-zakazu\/"},"modified":"2024-12-06T10:17:57","modified_gmt":"2024-12-06T10:17:57","slug":"woreczki-z-nikotyna-nadal-szeroko-dostepne-w-belgii-rok-po-wprowadzeniu-zakazu","status":"publish","type":"post","link":"https:\/\/clearingtheair.eu\/pl\/post\/woreczki-z-nikotyna-nadal-szeroko-dostepne-w-belgii-rok-po-wprowadzeniu-zakazu\/","title":{"rendered":"Woreczki z nikotyn\u0105 nadal szeroko dost\u0119pne w Belgii &#8211; rok po wprowadzeniu zakazu"},"content":{"rendered":"<div class=\"clear-before-content-2\" style=\"margin-top: 20px;margin-bottom: 20px;margin-left: auto;margin-right: auto;text-align: center;\" id=\"clear-79163218\"><img src=\"https:\/\/clearingtheair.eu\/wp-content\/uploads\/2026\/04\/caafc5c68900198b80aee12c11b50184.avif\" alt=\"\"   style=\"display: inline-block;\" \/><\/div><p id=\"\"><strong>Nowe dane pokazuj\u0105, \u017ce w Belgii rok temu zakazano sprzeda\u017cy woreczk\u00f3w z nikotyn\u0105, ale nadal s\u0105 one powszechnie dost\u0119pne w lokalnych sklepach.&nbsp;<\/strong><\/p>\n<p id=\"\">Dane rz\u0105dowe pokazuj\u0105, \u017ce w tym roku 318 z 1 781 sprzedawc\u00f3w detalicznych skontrolowanych przez w\u0142adze nie zastosowa\u0142o si\u0119 do zakazu. Spowodowa\u0142o to zaj\u0119cie 3 273 paczek. <\/p>\n<blockquote id=\"\"><p>&#8222;[Sellers] s\u0105 bardzo pomys\u0142owi w znajdowaniu sposob\u00f3w na omini\u0119cie przepis\u00f3w&#8221;, powiedzia\u0142a Annelies Wynant, rzeczniczka Ministerstwa Zdrowia. &#8222;S\u0105 bardzo kreatywni w ukrywaniu produkt\u00f3w: w pralkach, pude\u0142kach po chipsach, piekarnikach itp.&#8221;. &nbsp;<\/p><\/blockquote>\n<p id=\"\">Woreczki nikotynowe to ma\u0142e torebki zawieraj\u0105ce aromat i proszek nikotynowy. Umieszcza si\u0119 je mi\u0119dzy dzi\u0105s\u0142em a ustami, umo\u017cliwiaj\u0105c wch\u0142anianie nikotyny do organizmu. <\/p>\n<p id=\"\">Produkty te zosta\u0142y <a href=\"https:\/\/www.brusselstimes.com\/713022\/nicotine-pouches-thalys-and-social-tariffs-what-changes-in-belgium-on-1-october\" id=\"\" rel=\"nofollow noopener\" target=\"_blank\">zakazane<\/a> w Belgii w pa\u017adzierniku 2023 r. w ramach szeregu \u015brodk\u00f3w maj\u0105cych na celu osi\u0105gni\u0119cie pokolenia &#8222;wolnego od dymu tytoniowego&#8221;. Pomimo tego, \u017ce nie zawieraj\u0105 tytoniu, ust\u0119puj\u0105cy minister zdrowia Frank Vandenbroucke argumentowa\u0142 w\u00f3wczas, \u017ce woreczki mog\u0105 by\u0107 &#8222;odskoczni\u0105&#8221; do palenia. <\/p>\n<p id=\"\"><strong id=\"\">Prze\u015blizgiwanie si\u0119 przez luki regulacyjne<\/strong><\/p>\n<p id=\"\">Wydaje si\u0119 jednak, \u017ce zakaz mia\u0142 niewielki wp\u0142yw na sprzeda\u017c, poniewa\u017c lokalne i internetowe sklepy znajduj\u0105 sposoby na omini\u0119cie luk prawnych.&nbsp;<\/p>\n<p id=\"\">W kwietniu Vandenbroucke powiedzia\u0142, \u017ce zostan\u0105 podj\u0119te bardziej rygorystyczne dzia\u0142ania przeciwko sklepom, kt\u00f3re nadal sprzedaj\u0105 woreczki. Powiedzia\u0142, \u017ce tajemniczy klienci b\u0119d\u0105 aktywnie wykorzystywani do identyfikowania i karania narusze\u0144. Wydaje si\u0119 jednak, \u017ce ostrze\u017cenia te pozosta\u0142y bez echa.  &nbsp;<\/p>\n<p id=\"\">Niedawne dochodzenie przeprowadzone przez gazet\u0119 The Brussels Times wykaza\u0142o, \u017ce jeden sklep na rogu mia\u0142 w sprzeda\u017cy sze\u015b\u0107 r\u00f3\u017cnych torebek smakowych.&nbsp;<\/p>\n<p id=\"\">&#8222;Ka\u017cdy sklep je ma, po prostu je tam wk\u0142adaj\u0105&#8221; &#8211; powiedzia\u0142 reporterowi sprzedawca, wskazuj\u0105c na doln\u0105 p\u00f3\u0142k\u0119 na drewnianej szafce w pobli\u017cu lady.<\/p>\n<p id=\"\"><strong id=\"\">Sprzeda\u017c online znacz\u0105c\u0105 przeszkod\u0105<\/strong><\/p>\n<p id=\"\">Sprzedawcy internetowi r\u00f3wnie\u017c stanowili g\u0142\u00f3wn\u0105 przeszkod\u0119 dla wprowadzenia zakazu. Wynant powiedzia\u0142: &#8222;Mamy us\u0142ug\u0119 handlu elektronicznego, ale na razie koncentruj\u0105 si\u0119 one na sprzeda\u017cy e-papieros\u00f3w online i reklamie e-papieros\u00f3w online, a jeszcze nie na woreczkach z nikotyn\u0105&#8221;. <\/p>\n<p id=\"\">Przyzna\u0142a, \u017ce sprzeda\u017c online by\u0142aby skuteczniej zwalczana poprzez dochodzenia policyjne, a nie przez Ministerstwo Zdrowia, kt\u00f3remu &#8222;brakuje niezb\u0119dnej wiedzy i zasob\u00f3w, aby skutecznie sobie z tym poradzi\u0107&#8221;.<\/p>\n<p id=\"\">Podczas gdy zakaz nikotynowy odnosi si\u0119 do przepis\u00f3w dotycz\u0105cych produkt\u00f3w spo\u017cywczych, co stawia go pod jurysdykcj\u0105 Ministerstwa Zdrowia, policja r\u00f3wnie\u017c przeprowadza kontrole zgodno\u015bci.&nbsp;<\/p>\n<p id=\"\">Nielegalna sprzeda\u017c saszetek z nikotyn\u0105 mo\u017ce skutkowa\u0107 grzywnami w wysoko\u015bci od 208 do 120 000 euro, wed\u0142ug Wyant, cho\u0107 przyzna\u0142a, \u017ce mog\u0105 by\u0107 one trudne do wyegzekwowania.&nbsp;<\/p>\n<p id=\"\">Powiedzia\u0142a, \u017ce skuteczny zakaz wymaga lepszego zrozumienia sektora, a tak\u017ce dzielenia si\u0119 informacjami i spostrze\u017ceniami na temat tego, gdzie woreczki s\u0105 zwykle ukrywane.<\/p>\n<p id=\"\">Jednak\u017ce, podczas gdy wyzwania zwi\u0105zane z &#8222;ci\u0105gle zmieniaj\u0105cym si\u0119&#8221; rynkiem nikotyny pozostaj\u0105, Wynant podkre\u015bli\u0142, \u017ce proponowane zakazy woreczk\u00f3w w krajach s\u0105siednich, w tym <a href=\"https:\/\/www.clearingtheair.eu\/en\/post\/will-france-ban-nicotine-pouches-the-new-health-minister-thinks-its-her-duty\" id=\"\">we Francji<\/a> i Holandii, powinny u\u0142atwi\u0107 wprowadzenie zakazu w Belgii.<\/p>\n<p id=\"\">W pa\u017adzierniku Dania og\u0142osi\u0142a, \u017ce <a href=\"https:\/\/www.clearingtheair.eu\/en\/post\/denmark-to-limit-strength-of-nicotine-pouches\" id=\"\">ograniczy moc woreczk\u00f3w z nikotyn\u0105.<\/a><\/p>\n<p id=\"\"><strong id=\"\">Ignorowanie zasad<\/strong><\/p>\n<p id=\"\">W 2019 r. Belgia podnios\u0142a limit wieku uprawniaj\u0105cy do zakupu wyrob\u00f3w tytoniowych z 16 do 18 lat, a sprzedawcy musz\u0105 prosi\u0107 klient\u00f3w o dow\u00f3d to\u017csamo\u015bci, je\u015bli maj\u0105 jakiekolwiek w\u0105tpliwo\u015bci co do ich wieku.&nbsp;<\/p>\n<p id=\"\">Jednak po pi\u0119ciu latach dane pokazuj\u0105, \u017ce zasada ta jest r\u00f3wnie\u017c w du\u017cej mierze ignorowana. Sprzedawcy zignorowali zakaz a\u017c w 782 z 1100 kontroli (71 procent). Oznacza to, \u017ce dwie trzecie sprzedawc\u00f3w nadal sprzedaje wyroby tytoniowe nieletnim, donosi gazeta Het Nieuwsblad.  <\/p>\n<p id=\"\">Zwolennicy bezpieczniejszych alternatyw nikotynowych, w tym woreczk\u00f3w i vape&#8217;\u00f3w, argumentuj\u0105, \u017ce zakazy po prostu nap\u0119dzaj\u0105 nielegalny handel tymi produktami, co ma niebezpieczne konsekwencje dla zdrowia publicznego.&nbsp;<\/p>\n<p id=\"\">Twierdz\u0105 oni, \u017ce regulowane produkty alternatywne od uznanych producent\u00f3w s\u0105 jedynym realnym sposobem zar\u00f3wno na osi\u0105gni\u0119cie korzy\u015bci zdrowotnych wynikaj\u0105cych z ograniczenia palenia papieros\u00f3w, jak i na walk\u0119 z nielegalnym handlem.<\/p>\n<p>\u200d<\/p>\n<div class=\"clear-after-content-2\" style=\"margin-top: 20px;margin-bottom: 20px;margin-left: auto;margin-right: auto;text-align: center;\" id=\"clear-2884896753\"><img src=\"https:\/\/clearingtheair.eu\/wp-content\/uploads\/2026\/04\/caafc5c68900198b80aee12c11b50184.avif\" alt=\"\"   style=\"display: inline-block;\" \/><\/div>","protected":false},"excerpt":{"rendered":"<p>Dane rz\u0105dowe pokazuj\u0105, \u017ce w tym roku 318 z 1 781 sprzedawc\u00f3w detalicznych skontrolowanych przez w\u0142adze nie zastosowa\u0142o si\u0119 do zakazu. Spowodowa\u0142o to zaj\u0119cie 3 273 paczek. <\/p>\n","protected":false},"author":990002,"featured_media":22024,"comment_status":"open","ping_status":"open","sticky":false,"template":"","format":"standard","meta":{"footnotes":""},"categories":[286],"tags":[],"slider":[],"class_list":["post-22021","post","type-post","status-publish","format-standard","has-post-thumbnail","hentry","category-aktualnosci"],"_links":{"self":[{"href":"https:\/\/clearingtheair.eu\/pl\/wp-json\/wp\/v2\/posts\/22021","targetHints":{"allow":["GET"]}}],"collection":[{"href":"https:\/\/clearingtheair.eu\/pl\/wp-json\/wp\/v2\/posts"}],"about":[{"href":"https:\/\/clearingtheair.eu\/pl\/wp-json\/wp\/v2\/types\/post"}],"author":[{"embeddable":true,"href":"https:\/\/clearingtheair.eu\/pl\/wp-json\/wp\/v2\/users\/990002"}],"replies":[{"embeddable":true,"href":"https:\/\/clearingtheair.eu\/pl\/wp-json\/wp\/v2\/comments?post=22021"}],"version-history":[{"count":0,"href":"https:\/\/clearingtheair.eu\/pl\/wp-json\/wp\/v2\/posts\/22021\/revisions"}],"wp:featuredmedia":[{"embeddable":true,"href":"https:\/\/clearingtheair.eu\/pl\/wp-json\/wp\/v2\/media\/22024"}],"wp:attachment":[{"href":"https:\/\/clearingtheair.eu\/pl\/wp-json\/wp\/v2\/media?parent=22021"}],"wp:term":[{"taxonomy":"category","embeddable":true,"href":"https:\/\/clearingtheair.eu\/pl\/wp-json\/wp\/v2\/categories?post=22021"},{"taxonomy":"post_tag","embeddable":true,"href":"https:\/\/clearingtheair.eu\/pl\/wp-json\/wp\/v2\/tags?post=22021"},{"taxonomy":"slider","embeddable":true,"href":"https:\/\/clearingtheair.eu\/pl\/wp-json\/wp\/v2\/slider?post=22021"}],"curies":[{"name":"wp","href":"https:\/\/api.w.org\/{rel}","templated":true}]}}