{"id":23706,"date":"2025-03-31T09:01:03","date_gmt":"2025-03-31T09:01:03","guid":{"rendered":"https:\/\/clearingtheair.eu\/post\/12-panstw-czlonkowskich-ue-zada-rozprawienia-sie-z-wapowaniem-i-woreczkami-sa-one-w-mniejszosci\/"},"modified":"2025-03-31T09:01:21","modified_gmt":"2025-03-31T09:01:21","slug":"12-panstw-czlonkowskich-ue-zada-rozprawienia-sie-z-wapowaniem-i-woreczkami-sa-one-w-mniejszosci","status":"publish","type":"post","link":"https:\/\/clearingtheair.eu\/pl\/post\/12-panstw-czlonkowskich-ue-zada-rozprawienia-sie-z-wapowaniem-i-woreczkami-sa-one-w-mniejszosci\/","title":{"rendered":"12 pa\u0144stw cz\u0142onkowskich UE \u017c\u0105da &#8222;rozprawienia si\u0119&#8221; z wapowaniem i woreczkami. S\u0105 one w mniejszo\u015bci."},"content":{"rendered":"<div class=\"clear-before-content-2\" style=\"margin-top: 20px;margin-bottom: 20px;margin-left: auto;margin-right: auto;text-align: center;\" id=\"clear-2481241300\"><img src=\"https:\/\/clearingtheair.eu\/wp-content\/uploads\/2026\/04\/caafc5c68900198b80aee12c11b50184.avif\" alt=\"\"   style=\"display: inline-block;\" \/><\/div>\n<p><strong>&#8222;Wymykaj\u0105ca si\u0119 spod kontroli polityka imigracyjna i islamistyczna przemoc przera\u017caj\u0105 ludzi i destabilizuj\u0105 europejskie demokracje&#8221;, <a href=\"https:\/\/clearingtheair.eu\/en\/post\/people-are-losing-respect-german-media-magnate-rips-into-eu-commissions-plan-to-ban-vaping-everywhere\/\">ubolewa\u0142 niemiecki magnat medialny Matthias Dophner<\/a> w <a href=\"https:\/\/www.bild.de\/politik\/meinung-kommentare-kolumnen\/kommentar-zum-rauchverbot-von-mathias-doepfner-man-verliert-den-respekt-vor-der-eu-6745924b97801f7f1b5e0b71\" rel=\"nofollow noopener\" target=\"_blank\">artykule dla gazety Bildt<\/a>, kt\u00f3rej jest w\u0142a\u015bcicielem, w listopadzie ubieg\u0142ego roku.  <\/strong><\/p>\n\n<p>&#8222;Rosja Putina i Chiny Xi prowadz\u0105 lub finansuj\u0105 wojn\u0119 u naszych drzwi i pr\u00f3buj\u0105 jeszcze bardziej zrazi\u0107 do siebie USA i UE, aby os\u0142abi\u0107 wolno\u015b\u0107. Gospodarki &#8222;starego \u015bwiata&#8221; znajduj\u0105 si\u0119 w stagnacji lub upadaj\u0105&#8221;, kontynuowa\u0142.<\/p>\n\n<p>&#8222;A w Brukseli pracuj\u0105 nad zakazem palenia [and vaping] na zewn\u0105trz! To pokazuje s\u0142abo\u015b\u0107 UE&#8221; <\/p>\n\n<p>Od tego czasu Parlament Europejski odrzuci\u0142 zakaz wapowania, a Komisja wycofa\u0142a si\u0119 z niego, wyja\u015bniaj\u0105c wszystkim swoim krytykom, \u017ce zakaz jest &#8222;nielegislacyjny&#8221; &#8211; lub, innymi s\u0142owy, nie jest wart papieru, na kt\u00f3rym zosta\u0142 napisany. Ale niekt\u00f3re pa\u0144stwa cz\u0142onkowskie nie odpuszcz\u0105. <\/p>\n\n<p>I tak w\u0142a\u015bnie grupa 12 pa\u0144stw cz\u0142onkowskich, na czele z Holandi\u0105, napisa\u0142a w tym tygodniu do komisarza ds. zdrowia Oliv\u00e9ra V\u00e1rhelyi&#8217;ego, domagaj\u0105c si\u0119 od niego przedstawienia w tym roku przepis\u00f3w maj\u0105cych na celu rozprawienie si\u0119 z waporyzatorami i woreczkami z nikotyn\u0105. Mo\u017ce si\u0119 to wydawa\u0107 du\u017co, ale jest to mniej ni\u017c po\u0142owa pa\u0144stw cz\u0142onkowskich UE, reprezentuj\u0105cych mniej ni\u017c 40% populacji bloku: daleko od 65%, kt\u00f3re by\u0142yby potrzebne do wprowadzenia takiej propozycji w \u017cycie. <\/p>\n\n<p>(Na marginesie &#8211; Politico opisa\u0142o to jako &#8222;scoop&#8221; w poniedzia\u0142ek. Chocia\u017c jest to technicznie prawda, zar\u00f3wno <a href=\"https:\/\/clearingtheair.eu\/en\/post\/dutch-government-call-for-eu-wide-flavour-ban-and-plain-packaging-for-vapes-and-pouches\/\">my<\/a>, jak i <a href=\"https:\/\/www.euractiv.com\/section\/health-consumers\/news\/dutch-slam-commission-over-harmful-tobacco-delays\/\" rel=\"nofollow noopener\" target=\"_blank\">Euractiv<\/a> mieli\u015bmy dok\u0142adnie ten sam list trzy tygodnie wcze\u015bniej, kiedy podpisa\u0142 go tylko holenderski minister, czego Politico &#8211; kt\u00f3re jest r\u00f3wnie\u017c w\u0142asno\u015bci\u0105 Dophnera &#8211; nie zauwa\u017cy\u0142o. Przyda\u0142by si\u0119 jaki\u015b cytat).  <\/p>\n\n<p>Co wi\u0119cej, niemieccy pos\u0142owie do PE z partii CDU\/CSU z dum\u0105 opowiadaj\u0105 si\u0119 za redukcj\u0105 szk\u00f3d. Najwy\u017cszy rang\u0105 eurodeputowany CDU zajmuj\u0105cy si\u0119 kwestiami zdrowotnymi, dr Peter Liese, za\u017c\u0105da\u0142, aby Komisja wycofa\u0142a swoj\u0105 ostatni\u0105 propozycj\u0119 zakazu wapowania ze wzgl\u0119du na fakt, \u017ce &#8222;zach\u0119ci\u0142aby ona do eurosceptycyzmu&#8221;. Na konferencji zorganizowanej w zesz\u0142ym tygodniu przez organizacj\u0119 charytatywn\u0105 zajmuj\u0105c\u0105 si\u0119 ochron\u0105 \u015brodowiska, Liese powiedzia\u0142 zebranym, jak dobrze zna przysz\u0142ego kanclerza Niemiec, Friedricha Mertza.  <\/p>\n\n<p>Bez Niemiec wszelkie proponowane sankcje mia\u0142yby trudno\u015bci z uzyskaniem g\u0142os\u00f3w wystarczaj\u0105cej liczby kraj\u00f3w UE, aby wej\u015b\u0107 w \u017cycie, i to jeszcze przed zaanga\u017cowaniem Parlamentu Europejskiego.<\/p>\n\n<p>To dzisiejszy Parlament Europejski musia\u0142by zatwierdzi\u0107 wszelkie &#8222;represje&#8221;. Ten sam Parlament, kt\u00f3ry sze\u015b\u0107 miesi\u0119cy temu w przewa\u017caj\u0105cej wi\u0119kszo\u015bci g\u0142osowa\u0142 przeciwko zakazowi wapowania w miejscach publicznych. Dynamika tam nie zmieni\u0142a si\u0119 zbytnio od czasu, gdy o tym <a href=\"https:\/\/clearingtheair.eu\/en\/post\/parliament-wont-support-the-european-commissions-plan-to-ban-vaping-everywhere-what-happened\/\">informowali\u015bmy<\/a>:  <\/p>\n\n<blockquote class=\"wp-block-quote is-layout-flow wp-block-quote-is-layout-flow\">\n<p><em>EPP (centroprawica) uwa\u017ca, \u017ce polityka publiczna powinna uzna\u0107, \u017ce vaping jest bezpieczniejszy ni\u017c palenie; ale grupy po jej lewej stronie nawet nie zag\u0142osuj\u0105 za raportem, kt\u00f3ry wspomina o takiej herezji, przeklinaj\u0105c nauk\u0119 i zdrowy rozs\u0105dek.  <\/em><\/p>\n<\/blockquote>\n\n<p><em>Te same g\u0142osy na lewicy, kt\u00f3re odmawiaj\u0105 uznania redukcji szk\u00f3d, najg\u0142o\u015bniej domagaj\u0105 si\u0119 wprowadzenia szeroko zakrojonych zakaz\u00f3w vape, gdy UE zmieni swoje przepisy dotycz\u0105ce kontroli tytoniu w przysz\u0142ym roku. Kiedy to si\u0119 stanie, Parlament b\u0119dzie mia\u0142 prawdziwe z\u0119by: wszystko, za czym nie zag\u0142osuje, nie trafi do ustawy. Wygl\u0105da na to, \u017ce je\u015bli Komisja spr\u00f3buje tego samego podej\u015bcia &#8222;zakaza\u0107 wszystkiego&#8221;, co tutaj, mo\u017ce spodziewa\u0107 si\u0119 tego samego rezultatu.    <\/em><\/p>\n\n<p>Dynamika parlamentarna nie zmieni\u0142a si\u0119 zbytnio od listopada, ale zmieni\u0142o si\u0119 wiele innych rzeczy. Unia Europejska dopiero po raz drugi w swojej historii wyemituje wsp\u00f3lny d\u0142ug w celu sfinansowania ogromnego wzrostu wydatk\u00f3w na obronno\u015b\u0107. Obecn\u0105 obsesj\u0105 bloku jest ograniczanie biurokracji, a nie jej zwi\u0119kszanie. Kraje UE zmagaj\u0105 si\u0119 ze stagnacj\u0105 gospodarcz\u0105 i ko\u0144cem ery postzimnowojennej, w kt\u00f3rej bezpiecze\u0144stwo by\u0142o gwarantowane przez si\u0142\u0119 ognia USA, podobnie jak Rosja zagra\u017ca Polsce i krajom ba\u0142tyckim.   <\/p>\n\n<blockquote class=\"wp-block-quote is-layout-flow wp-block-quote-is-layout-flow\">\n<p>Nawet je\u015bli wierzysz w bzdury &#8211; i s\u0105 <em>to<\/em> bzdury &#8211; o tym, \u017ce wapowanie jest pewnego rodzaju zagro\u017ceniem dla zdrowia publicznego, trudno jest argumentowa\u0107, \u017ce s\u0142odko pachn\u0105ce wapery, kt\u00f3re obra\u017caj\u0105 kilka wysoko my\u015bl\u0105cych os\u00f3b zajmuj\u0105cych si\u0119 zdrowiem publicznym, s\u0105 priorytetem dla dzia\u0142a\u0144 legislacyjnych. Czas parlamentarny i kapita\u0142 polityczny nie rosn\u0105 na drzewach. <\/p>\n<\/blockquote>\n\n<p>Wi\u0119ksze wydatki na obronno\u015b\u0107 i wi\u0119ksze zad\u0142u\u017cenie nieuchronnie oznaczaj\u0105 trudne decyzje dotycz\u0105ce wydatk\u00f3w publicznych. Bruksela jest ju\u017c niepopularna, skrajna prawica ju\u017c ro\u015bnie w si\u0142\u0119, a przed nami trudne czasy. Po co k\u0142\u00f3ci\u0107 si\u0119 z lud\u017ami, kt\u00f3rzy chc\u0105 po prostu bezpieczniejszego sposobu konsumpcji nikotyny w\u0142a\u015bnie wtedy, gdy potrzebne jest ich wsparcie w kwestii du\u017cych wydatk\u00f3w?  <\/p>\n\n<p>W swoim ostatnim zdaniu Dophner dobrze to podsumowuje.  <strong><em>&#8222;Zamiast zajmowa\u0107 si\u0119 prawdziwymi problemami, przyw\u00f3dcy prowadz\u0105 polityk\u0119 w kwestiach pobocznych i traktuj\u0105 ludzi protekcjonalnie. A ludzie trac\u0105 szacunek&#8221;.<\/em><\/strong><\/p>\n<div class=\"clear-after-content-2\" style=\"margin-top: 20px;margin-bottom: 20px;margin-left: auto;margin-right: auto;text-align: center;\" id=\"clear-1449121384\"><img src=\"https:\/\/clearingtheair.eu\/wp-content\/uploads\/2026\/04\/caafc5c68900198b80aee12c11b50184.avif\" alt=\"\"   style=\"display: inline-block;\" \/><\/div>","protected":false},"excerpt":{"rendered":"<p>&#8222;Wymykaj\u0105ca si\u0119 spod kontroli polityka imigracyjna i islamistyczna przemoc przera\u017caj\u0105 ludzi i destabilizuj\u0105 europejskie demokracje&#8221;, ubolewa\u0142 niemiecki magnat medialny Matthias Dophner w artykule dla gazety Bildt, kt\u00f3rej jest w\u0142a\u015bcicielem, w listopadzie ubieg\u0142ego roku. &#8222;Rosja Putina i Chiny Xi prowadz\u0105 lub finansuj\u0105 wojn\u0119&hellip;<\/p>\n","protected":false},"author":990004,"featured_media":23695,"comment_status":"open","ping_status":"open","sticky":false,"template":"","format":"standard","meta":{"footnotes":""},"categories":[286,290],"tags":[414],"slider":[],"class_list":["post-23706","post","type-post","status-publish","format-standard","has-post-thumbnail","hentry","category-aktualnosci","category-prawodawstwo","tag-unia-europejska"],"_links":{"self":[{"href":"https:\/\/clearingtheair.eu\/pl\/wp-json\/wp\/v2\/posts\/23706","targetHints":{"allow":["GET"]}}],"collection":[{"href":"https:\/\/clearingtheair.eu\/pl\/wp-json\/wp\/v2\/posts"}],"about":[{"href":"https:\/\/clearingtheair.eu\/pl\/wp-json\/wp\/v2\/types\/post"}],"author":[{"embeddable":true,"href":"https:\/\/clearingtheair.eu\/pl\/wp-json\/wp\/v2\/users\/990004"}],"replies":[{"embeddable":true,"href":"https:\/\/clearingtheair.eu\/pl\/wp-json\/wp\/v2\/comments?post=23706"}],"version-history":[{"count":1,"href":"https:\/\/clearingtheair.eu\/pl\/wp-json\/wp\/v2\/posts\/23706\/revisions"}],"predecessor-version":[{"id":23707,"href":"https:\/\/clearingtheair.eu\/pl\/wp-json\/wp\/v2\/posts\/23706\/revisions\/23707"}],"wp:featuredmedia":[{"embeddable":true,"href":"https:\/\/clearingtheair.eu\/pl\/wp-json\/wp\/v2\/media\/23695"}],"wp:attachment":[{"href":"https:\/\/clearingtheair.eu\/pl\/wp-json\/wp\/v2\/media?parent=23706"}],"wp:term":[{"taxonomy":"category","embeddable":true,"href":"https:\/\/clearingtheair.eu\/pl\/wp-json\/wp\/v2\/categories?post=23706"},{"taxonomy":"post_tag","embeddable":true,"href":"https:\/\/clearingtheair.eu\/pl\/wp-json\/wp\/v2\/tags?post=23706"},{"taxonomy":"slider","embeddable":true,"href":"https:\/\/clearingtheair.eu\/pl\/wp-json\/wp\/v2\/slider?post=23706"}],"curies":[{"name":"wp","href":"https:\/\/api.w.org\/{rel}","templated":true}]}}