{"id":23740,"date":"2025-04-02T08:59:40","date_gmt":"2025-04-02T08:59:40","guid":{"rendered":"https:\/\/clearingtheair.eu\/post\/luksemburg-skrytykowany-za-zaproponowanie-faktycznego-zakazu-woreczkow-z-nikotyna\/"},"modified":"2025-04-02T08:59:55","modified_gmt":"2025-04-02T08:59:55","slug":"luksemburg-skrytykowany-za-zaproponowanie-faktycznego-zakazu-woreczkow-z-nikotyna","status":"publish","type":"post","link":"https:\/\/clearingtheair.eu\/pl\/post\/luksemburg-skrytykowany-za-zaproponowanie-faktycznego-zakazu-woreczkow-z-nikotyna\/","title":{"rendered":"Luksemburg skrytykowany za zaproponowanie faktycznego zakazu woreczk\u00f3w z nikotyn\u0105"},"content":{"rendered":"<div class=\"clear-before-content-2\" style=\"margin-top: 20px;margin-bottom: 20px;margin-left: auto;margin-right: auto;text-align: center;\" id=\"clear-1447201528\"><img src=\"https:\/\/clearingtheair.eu\/wp-content\/uploads\/2026\/04\/caafc5c68900198b80aee12c11b50184.avif\" alt=\"\"   style=\"display: inline-block;\" \/><\/div>\n<p><strong>Luksemburg by\u0142 szeroko krytykowany za proponowany &#8222;faktyczny&#8221; zakaz woreczk\u00f3w z nikotyn\u0105.<\/strong><\/p>\n\n<p>Komisja Europejska, Grecja i Szwecja zg\u0142osi\u0142y szereg zastrze\u017ce\u0144 do projektu ustawy, kt\u00f3ra ogranicza moc saszetek z nikotyn\u0105 do bardzo niskiego poziomu 0,048 g i nak\u0142ada ograniczenia w zakresie komunikacji i etykietowania.<\/p>\n\n<p>Ustawa ma r\u00f3wnie\u017c na celu wprowadzenie zakazu sprzeda\u017cy wyrob\u00f3w podgrzewanych tytoniem (THP) o &#8222;charakterystycznych smakach&#8221; i wprowadzenie obowi\u0105zkowych ostrze\u017ce\u0144 zdrowotnych.<\/p>\n\n<p>Grecja <a href=\"https:\/\/technical-regulation-information-system.ec.europa.eu\/en\/notification\/26481\/message\/111177\/EN\" rel=\"nofollow noopener\" target=\"_blank\">ostrzeg\u0142a Komisj\u0119<\/a>, \u017ce projekt ustawy &#8222;ustanawia nieproporcjonalne maksymalne poziomy nikotyny dla saszetek nikotynowych i nowych produkt\u00f3w nikotynowych&#8221;, co &#8222;utrudnia funkcjonowanie rynku wewn\u0119trznego&#8221;.  <\/p>\n\n<p>Szwecja r\u00f3wnie\u017c wyrazi\u0142a <a href=\"https:\/\/technical-regulation-information-system.ec.europa.eu\/en\/notification\/26481\/message\/111157\/EN\" rel=\"nofollow noopener\" target=\"_blank\">sprzeciw<\/a>, twierdz\u0105c, \u017ce proponowany limit nikotyny &#8222;skutecznie wyklucza wszystkie odpowiednie produkty na rynku&#8221; i zapyta\u0142a, dlaczego &#8222;inne, mniej restrykcyjne \u015brodki nie mog\u0105 by\u0107 wystarczaj\u0105ce i proporcjonalne&#8221;.  <\/p>\n\n<h3 class=\"wp-block-heading\"><strong>Woreczki z nikotyn\u0105 maj\u0105 by\u0107 traktowane jak tyto\u0144<\/strong><\/h3>\n\n<p>Luksemburski projekt ustawy ma na celu zr\u00f3wnanie pod wzgl\u0119dem regulacyjnym woreczk\u00f3w z nikotyn\u0105 z wyrobami tytoniowymi. W zg\u0142oszeniu projektu ustawy czytamy: &#8222;&#8230;celem zg\u0142oszonego projektu jest uregulowanie produkcji i wprowadzania do obrotu saszetek z nikotyn\u0105, poniewa\u017c produkty te, podobnie jak wyroby tytoniowe, mog\u0105 mie\u0107 niekorzystny wp\u0142yw na zdrowie i powinny by\u0107 traktowane w ten sam spos\u00f3b z prawnego punktu widzenia&#8221;.  <\/p>\n\n<p>&#8222;W zwi\u0105zku z tym projekt ustawy proponuje ustanowienie podobnego systemu dla saszetek z nikotyn\u0105, jak dla wyrob\u00f3w tytoniowych, poddaj\u0105c je tym samym ograniczeniom i obowi\u0105zkom&#8221;.<\/p>\n\n<p>Komisja Europejska <a href=\"https:\/\/technical-regulation-information-system.ec.europa.eu\/en\/notification\/26481\/message\/111103\/EN\" rel=\"nofollow noopener\" target=\"_blank\">zauwa\u017cy\u0142a<\/a>, \u017ce projekt ustawy wprowadzi\u0142by graficzne ostrze\u017cenia zdrowotne dla saszetek z nikotyn\u0105, stwierdzaj\u0105c, \u017ce &#8222;podczas gdy kilka przepis\u00f3w [of the Tobacco Products Directive] ma zastosowanie do wyrob\u00f3w tytoniowych w og\u00f3le, niekt\u00f3re przepisy [including those on graphic health warnings] maj\u0105 zastosowanie tylko do wyrob\u00f3w tytoniowych do palenia&#8230; [Luxembourg] musi zapewni\u0107 poszanowanie tej r\u00f3\u017cnicy&#8221;.  <\/p>\n\n<h3 class=\"wp-block-heading\"><strong>Okres zg\u0142aszania uwag przed\u0142u\u017cony<\/strong><\/h3>\n\n<p>Okres zawieszenia, w kt\u00f3rym Komisja i pa\u0144stwa cz\u0142onkowskie mog\u0105 zg\u0142asza\u0107 uwagi do projektu ustawy, zosta\u0142 przed\u0142u\u017cony z 10 marca do 10 czerwca.<\/p>\n\n<p>W zesz\u0142ym miesi\u0105cu Luksemburg powiedzia\u0142, \u017ce zamiast skupia\u0107 si\u0119 na jednorazowych waporyzatorach, b\u0119dzie d\u0105\u017cy\u0142 do zakazania niekt\u00f3rych smak\u00f3w i ograniczenia zawarto\u015bci nikotyny.  <\/p>\n\n<p>Rz\u0105d o\u015bwiadczy\u0142, \u017ce zgadza si\u0119 z intencj\u0105 stoj\u0105c\u0105 za zakazem jednorazowego wapowania &#8211; aby ograniczy\u0107 wapowanie w\u015br\u00f3d m\u0142odzie\u017cy i chroni\u0107 \u015brodowisko &#8211; ale uwa\u017ca, \u017ce metoda ta nie przyniesie zamierzonych rezultat\u00f3w.<\/p>\n\n<p>&#8222;Ze zdrowotnego punktu widzenia, produkty te zawieraj\u0105 wysokie dawki nikotyny, zach\u0119caj\u0105c do szybkiego uzale\u017cnienia, szczeg\u00f3lnie w\u015br\u00f3d m\u0142odych ludzi, i potencjalnie prowadz\u0105c ich do innych form konsumpcji tytoniu&#8221;.<\/p>\n\n<p>Dodano, \u017ce &#8222;negatywny wp\u0142yw na rozw\u00f3j m\u00f3zgu&#8221; dotyka w szczeg\u00f3lno\u015bci nastolatk\u00f3w, upo\u015bledzaj\u0105c ich pami\u0119\u0107 i koncentracj\u0119, co mo\u017ce &#8222;przeszkadza\u0107 im w nauce&#8221;.<\/p>\n\n<p>Zamiast tego wezwa\u0142 do &#8222;globalnego podej\u015bcia&#8221;, kt\u00f3re obejmowa\u0142oby przepisy dotycz\u0105ce wszystkich rodzaj\u00f3w waporyzator\u00f3w jako &#8222;bardziej sp\u00f3jny&#8221; spos\u00f3b rozwi\u0105zania tych kwestii.  <\/p>\n\n<h3 class=\"wp-block-heading\"><strong>Francja zakazuje torebek<\/strong><\/h3>\n\n<p>W mi\u0119dzyczasie Francja <a href=\"https:\/\/clearingtheair.eu\/en\/post\/france-one-step-closer-to-banning-nicotine-pouches-and-disposable-vapes\/\">zakaza\u0142a saszetek z nikotyn\u0105<\/a> w zesz\u0142ym miesi\u0105cu, <a href=\"https:\/\/technical-regulation-information-system.ec.europa.eu\/en\/notification\/26692\" rel=\"nofollow noopener\" target=\"_blank\">powo\u0142uj\u0105c si\u0119 na obawy<\/a> dotycz\u0105ce ich atrakcyjno\u015bci dla m\u0142odych ludzi i podobie\u0144stw do snusu, takich jak &#8222;mo\u017cliwo\u015b\u0107 dyskretnego i niewidocznego u\u017cycia&#8221;.<\/p>\n\n<p>Minister zdrowia Genevi\u00e8ve Darrieussecq okre\u015bli\u0142a woreczki nikotynowe jako &#8222;niebezpieczne&#8221;, poniewa\u017c zawieraj\u0105 du\u017ce dawki nikotyny i cz\u0119sto s\u0105 sprzedawane m\u0142odym ludziom.<\/p>\n\n<p><\/p>\n<div class=\"clear-after-content-2\" style=\"margin-top: 20px;margin-bottom: 20px;margin-left: auto;margin-right: auto;text-align: center;\" id=\"clear-1675124022\"><img src=\"https:\/\/clearingtheair.eu\/wp-content\/uploads\/2026\/04\/caafc5c68900198b80aee12c11b50184.avif\" alt=\"\"   style=\"display: inline-block;\" \/><\/div>","protected":false},"excerpt":{"rendered":"<p>Luksemburg by\u0142 szeroko krytykowany za proponowany &#8222;faktyczny&#8221; zakaz woreczk\u00f3w z nikotyn\u0105. Komisja Europejska, Grecja i Szwecja zg\u0142osi\u0142y szereg zastrze\u017ce\u0144 do projektu ustawy, kt\u00f3ra ogranicza moc saszetek z nikotyn\u0105 do bardzo niskiego poziomu 0,048 g i nak\u0142ada ograniczenia w zakresie komunikacji i etykietowania.&hellip;<\/p>\n","protected":false},"author":990005,"featured_media":23733,"comment_status":"open","ping_status":"open","sticky":false,"template":"","format":"standard","meta":{"footnotes":""},"categories":[286,290],"tags":[371],"slider":[],"class_list":["post-23740","post","type-post","status-publish","format-standard","has-post-thumbnail","hentry","category-aktualnosci","category-prawodawstwo","tag-globalny"],"_links":{"self":[{"href":"https:\/\/clearingtheair.eu\/pl\/wp-json\/wp\/v2\/posts\/23740","targetHints":{"allow":["GET"]}}],"collection":[{"href":"https:\/\/clearingtheair.eu\/pl\/wp-json\/wp\/v2\/posts"}],"about":[{"href":"https:\/\/clearingtheair.eu\/pl\/wp-json\/wp\/v2\/types\/post"}],"author":[{"embeddable":true,"href":"https:\/\/clearingtheair.eu\/pl\/wp-json\/wp\/v2\/users\/990005"}],"replies":[{"embeddable":true,"href":"https:\/\/clearingtheair.eu\/pl\/wp-json\/wp\/v2\/comments?post=23740"}],"version-history":[{"count":1,"href":"https:\/\/clearingtheair.eu\/pl\/wp-json\/wp\/v2\/posts\/23740\/revisions"}],"predecessor-version":[{"id":23745,"href":"https:\/\/clearingtheair.eu\/pl\/wp-json\/wp\/v2\/posts\/23740\/revisions\/23745"}],"wp:featuredmedia":[{"embeddable":true,"href":"https:\/\/clearingtheair.eu\/pl\/wp-json\/wp\/v2\/media\/23733"}],"wp:attachment":[{"href":"https:\/\/clearingtheair.eu\/pl\/wp-json\/wp\/v2\/media?parent=23740"}],"wp:term":[{"taxonomy":"category","embeddable":true,"href":"https:\/\/clearingtheair.eu\/pl\/wp-json\/wp\/v2\/categories?post=23740"},{"taxonomy":"post_tag","embeddable":true,"href":"https:\/\/clearingtheair.eu\/pl\/wp-json\/wp\/v2\/tags?post=23740"},{"taxonomy":"slider","embeddable":true,"href":"https:\/\/clearingtheair.eu\/pl\/wp-json\/wp\/v2\/slider?post=23740"}],"curies":[{"name":"wp","href":"https:\/\/api.w.org\/{rel}","templated":true}]}}