{"id":23775,"date":"2025-04-04T08:50:02","date_gmt":"2025-04-04T08:50:02","guid":{"rendered":"https:\/\/clearingtheair.eu\/post\/polska-wprowadzi-zakaz-jednorazowych-vapeow\/"},"modified":"2025-04-04T08:50:18","modified_gmt":"2025-04-04T08:50:18","slug":"polska-wprowadzi-zakaz-jednorazowych-vapeow","status":"publish","type":"post","link":"https:\/\/clearingtheair.eu\/pl\/post\/polska-wprowadzi-zakaz-jednorazowych-vapeow\/","title":{"rendered":"Polska wprowadzi zakaz jednorazowych vape&#8217;\u00f3w"},"content":{"rendered":"<div class=\"clear-before-content-2\" style=\"margin-top: 20px;margin-bottom: 20px;margin-left: auto;margin-right: auto;text-align: center;\" id=\"clear-3680828989\"><img src=\"https:\/\/clearingtheair.eu\/wp-content\/uploads\/2026\/04\/caafc5c68900198b80aee12c11b50184.avif\" alt=\"\"   style=\"display: inline-block;\" \/><\/div>\n<p><strong>Polska przygotowuje now\u0105 ustaw\u0119 zakazuj\u0105c\u0105 sprzeda\u017cy jednorazowych vape&#8217;\u00f3w, niezale\u017cnie od tego, czy zawieraj\u0105 nikotyn\u0119.  <\/strong><\/p>\n\n<p>Polskie Ministerstwo Zdrowia zapowiedzia\u0142o, \u017ce planuje zdelegalizowa\u0107 wszystkie jednorazowe waporyzatory, aby zapobiec rozpoczynaniu wapowania przez m\u0142odych ludzi.  <\/p>\n\n<p>Agenda legislacyjna stwierdza (w t\u0142umaczeniu z j\u0119zyka polskiego): &#8222;Proponowane regulacje maj\u0105 najwi\u0119kszy wp\u0142yw na m\u0142odych ludzi. E-papierosy, niezale\u017cnie od tego, czy zawieraj\u0105 nikotyn\u0119, czy inne substancje, s\u0105 produktami stanowi\u0105cymi wyra\u017ane zagro\u017cenie dla zdrowia publicznego.   <\/p>\n\n<p>&#8222;Produkty te zawieraj\u0105 silnie uzale\u017cniaj\u0105ce substancje i inne substancje towarzysz\u0105ce, kt\u00f3re po wch\u0142oni\u0119ciu przez organizm maj\u0105 nieznany wp\u0142yw na zdrowie os\u00f3b u\u017cywaj\u0105cych tych produkt\u00f3w&#8221;.<\/p>\n\n<h3 class=\"wp-block-heading\"><strong>Prawo, kt\u00f3rym nale\u017cy si\u0119 zaj\u0105\u0107 po wyborach<\/strong><\/h3>\n\n<p>Rz\u0105d zajmie si\u0119 ustaw\u0105 po wyborach prezydenckich w trzecim kwartale 2025 r., powiedzia\u0142a minister zdrowia Izabela Leszczyna stacji <a href=\"https:\/\/tvpworld.com\/76554096\/polish-health-ministry-preparing-bill-to-ban-disposable-e-cigarettes\" rel=\"nofollow noopener\" target=\"_blank\">TVP Info. <\/a> <\/p>\n\n<p>Projekt ustawy daje r\u00f3wnie\u017c dyrektorowi Biura Zarz\u0105dzania Chemikaliami uprawnienia do zlecania test\u00f3w sk\u0142adnik\u00f3w e-liquid\u00f3w oraz do podawania nazw laboratori\u00f3w odpowiedzialnych za przeprowadzanie takich test\u00f3w.<\/p>\n\n<p>W ubieg\u0142ym roku w Polsce sprzedano oko\u0142o 100 milion\u00f3w vape&#8217;\u00f3w, z czego prawie 90 procent importowano z Chin bez wcze\u015bniejszych test\u00f3w.<\/p>\n\n<p>Omawiaj\u0105c ustaw\u0119 o jednorazowych waporyzatorach w marcu ubieg\u0142ego roku, pani Leszczyna powiedzia\u0142a TVP World: &#8222;Rozmawia\u0142am na ten temat dok\u0142adnie miesi\u0105c temu z premierem i dosta\u0142am zielone \u015bwiat\u0142o&#8221;.  <\/p>\n\n<p>Doda\u0142a, \u017ce jednorazowe waporyzatory s\u0105 obecnie &#8222;najwi\u0119kszym zagro\u017ceniem, zw\u0142aszcza dla m\u0142odych ludzi&#8221;, kt\u00f3rzy zgodnie z obowi\u0105zuj\u0105cymi przepisami &#8211; uniemo\u017cliwiaj\u0105cymi ich sprzeda\u017c osobom poni\u017cej 18 roku \u017cycia &#8211; nie powinni mie\u0107 mo\u017cliwo\u015bci ich zakupu.<\/p>\n\n<p>&#8222;Ale niestety wiemy, \u017ce rzeczywisto\u015b\u0107 jest inna&#8221; &#8211; powiedzia\u0142a.<\/p>\n\n<h3 class=\"wp-block-heading\"><strong>Potencjalny zakaz u\u017cywania aromat\u00f3w<\/strong><\/h3>\n\n<p>Wed\u0142ug polskiego serwisu informacyjnego 2Firsts.com, polski rz\u0105d planuje w p\u00f3\u017aniejszym terminie wprowadzi\u0107 zakaz sprzeda\u017cy e-liquid\u00f3w o smakach innych ni\u017c tytoniowe oraz ograniczy\u0107 sprzeda\u017c saszetek z nikotyn\u0105.  <\/p>\n\n<p>Uwa\u017ca si\u0119, \u017ce sprzeda\u017c gum do \u017cucia, pastylek do ssania, aerozoli do nosa i napoj\u00f3w zawieraj\u0105cych nikotyn\u0119 r\u00f3wnie\u017c zostanie zakazana lub ograniczona.  <\/p>\n\n<p>Najnowsze przepisy zosta\u0142y wprowadzone po tym, jak w zesz\u0142ym miesi\u0105cu polski Senat jednog\u0142o\u015bnie przyj\u0105\u0142 zakaz aromatyzowanych podgrzewanych wyrob\u00f3w tytoniowych (HTP). Proponowana ustawa czeka teraz na ostateczne zatwierdzenie przez Kancelari\u0119 Prezydenta. Posuni\u0119cie to dostosowuje Polsk\u0119 do dyrektyw wydanych przez Uni\u0119 Europejsk\u0105 w sprawie podgrzewanych wyrob\u00f3w tytoniowych w 2023 roku.    <\/p>\n\n<p>Marek Kos, wiceminister zdrowia w Polsce, powiedzia\u0142, \u017ce firmy b\u0119d\u0105 mia\u0142y dziewi\u0119ciomiesi\u0119czny okres przej\u015bciowy na dostosowanie si\u0119 do nowych przepis\u00f3w.  <\/p>\n\n<h3 class=\"wp-block-heading\"><strong>Podwy\u017cki podatk\u00f3w od vape i e-liquid\u00f3w<\/strong><\/h3>\n\n<p>Polski rz\u0105d r\u00f3wnie\u017c niedawno uchwali\u0142 podwy\u017ck\u0119 podatk\u00f3w od vape i powi\u0105zanych produkt\u00f3w.<\/p>\n\n<p>Od 1 lipca podatek od vape b\u0119dzie wynosi\u0142 40 PLN (9,3 \u20ac). Ponadto podatek od e-liquid\u00f3w b\u0119dzie stopniowo wzrasta\u0142. Od 1 lipca podatek wyniesie 0,96 PLN (0,22 EUR) za mililitr; od 1 stycznia 2026 r. wzro\u015bnie do 1,44 PLN (0,33 EUR) za mililitr; a od 1 stycznia 2027 r. ponownie wzro\u015bnie do 1,80 PLN (0,42 EUR) za mililitr.  <\/p>\n<div class=\"clear-after-content-2\" style=\"margin-top: 20px;margin-bottom: 20px;margin-left: auto;margin-right: auto;text-align: center;\" id=\"clear-776367512\"><img src=\"https:\/\/clearingtheair.eu\/wp-content\/uploads\/2026\/04\/caafc5c68900198b80aee12c11b50184.avif\" alt=\"\"   style=\"display: inline-block;\" \/><\/div>","protected":false},"excerpt":{"rendered":"<p>Polska przygotowuje now\u0105 ustaw\u0119 zakazuj\u0105c\u0105 sprzeda\u017cy jednorazowych vape&#8217;\u00f3w, niezale\u017cnie od tego, czy zawieraj\u0105 nikotyn\u0119. Polskie Ministerstwo Zdrowia zapowiedzia\u0142o, \u017ce planuje zdelegalizowa\u0107 wszystkie jednorazowe waporyzatory, aby zapobiec rozpoczynaniu wapowania przez m\u0142odych ludzi. Agenda legislacyjna stwierdza (w t\u0142umaczeniu z j\u0119zyka polskiego): &#8222;Proponowane regulacje maj\u0105&hellip;<\/p>\n","protected":false},"author":990002,"featured_media":23770,"comment_status":"open","ping_status":"open","sticky":false,"template":"","format":"standard","meta":{"footnotes":""},"categories":[286,290],"tags":[414],"slider":[],"class_list":["post-23775","post","type-post","status-publish","format-standard","has-post-thumbnail","hentry","category-aktualnosci","category-prawodawstwo","tag-unia-europejska"],"_links":{"self":[{"href":"https:\/\/clearingtheair.eu\/pl\/wp-json\/wp\/v2\/posts\/23775","targetHints":{"allow":["GET"]}}],"collection":[{"href":"https:\/\/clearingtheair.eu\/pl\/wp-json\/wp\/v2\/posts"}],"about":[{"href":"https:\/\/clearingtheair.eu\/pl\/wp-json\/wp\/v2\/types\/post"}],"author":[{"embeddable":true,"href":"https:\/\/clearingtheair.eu\/pl\/wp-json\/wp\/v2\/users\/990002"}],"replies":[{"embeddable":true,"href":"https:\/\/clearingtheair.eu\/pl\/wp-json\/wp\/v2\/comments?post=23775"}],"version-history":[{"count":1,"href":"https:\/\/clearingtheair.eu\/pl\/wp-json\/wp\/v2\/posts\/23775\/revisions"}],"predecessor-version":[{"id":23779,"href":"https:\/\/clearingtheair.eu\/pl\/wp-json\/wp\/v2\/posts\/23775\/revisions\/23779"}],"wp:featuredmedia":[{"embeddable":true,"href":"https:\/\/clearingtheair.eu\/pl\/wp-json\/wp\/v2\/media\/23770"}],"wp:attachment":[{"href":"https:\/\/clearingtheair.eu\/pl\/wp-json\/wp\/v2\/media?parent=23775"}],"wp:term":[{"taxonomy":"category","embeddable":true,"href":"https:\/\/clearingtheair.eu\/pl\/wp-json\/wp\/v2\/categories?post=23775"},{"taxonomy":"post_tag","embeddable":true,"href":"https:\/\/clearingtheair.eu\/pl\/wp-json\/wp\/v2\/tags?post=23775"},{"taxonomy":"slider","embeddable":true,"href":"https:\/\/clearingtheair.eu\/pl\/wp-json\/wp\/v2\/slider?post=23775"}],"curies":[{"name":"wp","href":"https:\/\/api.w.org\/{rel}","templated":true}]}}