{"id":24272,"date":"2025-05-07T13:19:24","date_gmt":"2025-05-07T13:19:24","guid":{"rendered":"https:\/\/clearingtheair.eu\/post\/sasiedzi-ue-potepiaja-hiszpanski-plan-zakazu-torebek\/"},"modified":"2026-06-23T18:48:24","modified_gmt":"2026-06-23T18:48:24","slug":"sasiedzi-ue-potepiaja-hiszpanski-plan-zakazu-torebek","status":"publish","type":"post","link":"https:\/\/clearingtheair.eu\/pl\/post\/sasiedzi-ue-potepiaja-hiszpanski-plan-zakazu-torebek\/","title":{"rendered":"S\u0105siedzi z UE ostro krytykuj\u0105 plan Hiszpanii dotycz\u0105cy zakazu stosowania torebek foliowych"},"content":{"rendered":"<div class=\"clear-before-content-2\" style=\"margin-top: 20px;margin-bottom: 20px;margin-left: auto;margin-right: auto;text-align: center;\" id=\"clear-1675668066\"><a data-no-instant=\"1\" href=\"https:\/\/www.broughton-group.com\/nicotine?utm_campaign=43296353-Clearing%20the%20Air%20PPC%20Campaign%20-%202026&#038;utm_source=ppc&#038;utm_medium=Paid%20Ads\" rel=\"noopener\" class=\"a2t-link\" aria-label=\"728 x 90 (2)\"><img src=\"https:\/\/clearingtheair.eu\/wp-content\/uploads\/2026\/04\/728-x-90-2.png\" alt=\"\"  srcset=\"https:\/\/clearingtheair.eu\/wp-content\/uploads\/2026\/04\/728-x-90-2.png 728w, https:\/\/clearingtheair.eu\/wp-content\/uploads\/2026\/04\/728-x-90-2-300x37.png 300w, https:\/\/clearingtheair.eu\/wp-content\/uploads\/2026\/04\/728-x-90-2-370x46.png 370w, https:\/\/clearingtheair.eu\/wp-content\/uploads\/2026\/04\/728-x-90-2-600x74.png 600w\" sizes=\"(max-width: 728px) 100vw, 728px\" width=\"728\" height=\"90\"  style=\"display: inline-block;\" \/><\/a><\/div>\n<p class=\"wp-block-paragraph\"><strong>Plany Hiszpanii dotycz\u0105ce wprowadzenia zakazu sprzeda\u017cy wszystkich saszetek z nikotyn\u0105 i wi\u0119kszo\u015bci e-papieros\u00f3w napotka\u0142y powa\u017cn\u0105 przeszkod\u0119 \u2013 sze\u015b\u0107 innych pa\u0144stw cz\u0142onkowskich Unii Europejskiej zg\u0142osi\u0142o formalne zastrze\u017cenia wobec proponowanego aktu prawnego.  <\/strong><\/p>\n\n<p class=\"wp-block-paragraph\">Zgodnie z <a href=\"https:\/\/www.elconfidencial.com\/sociedad\/2025-04-30\/proyecto-tabaco-nicotina-europa-1hms_4120134\/\" rel=\"nofollow noopener\" target=\"_blank\">dokumentami, do kt\u00f3rych dotar\u0142 serwis \u201eEl Confidencial\u201d<\/a>, W\u0142ochy, Szwecja, Grecja, Czechy, W\u0119gry i Rumunia wyda\u0142y uzasadnione opinie w sprawie hiszpa\u0144skiej propozycji. Oznacza to rozpocz\u0119cie co najmniej trzymiesi\u0119cznego okresu zawieszenia, w trakcie kt\u00f3rego rz\u0105d hiszpa\u0144ski musi odpowiedzie\u0107 na zastrze\u017cenia zg\u0142oszone przez te pa\u0144stwa cz\u0142onkowskie.   <\/p>\n\n<p class=\"wp-block-paragraph\">Brak przedstawienia zadowalaj\u0105cych wyja\u015bnie\u0144 lub wprowadzenia zmian do projektu ustawy mo\u017ce znacznie op\u00f3\u017ani\u0107, a nawet uniemo\u017cliwi\u0107 jej wdro\u017cenie.  <\/p>\n\n<blockquote class=\"wp-block-quote is-layout-flow wp-block-quote-is-layout-flow\">\n<p class=\"wp-block-paragraph\">Zastrze\u017cenia wynikaj\u0105 z obaw, \u017ce hiszpa\u0144skie przepisy s\u0105 sprzeczne z zasadami rynku wewn\u0119trznego UE.  <\/p>\n<\/blockquote>\n\n<p class=\"wp-block-paragraph\">Chocia\u017c konkretne szczeg\u00f3\u0142y uzasadnionych opinii poszczeg\u00f3lnych kraj\u00f3w pozostaj\u0105 w du\u017cej mierze poufne, Szwecja publicznie wyrazi\u0142a sprzeciw wobec proponowanych ogranicze\u0144 dotycz\u0105cych saszetek z nikotyn\u0105. W komunikacie prasowym rz\u0105d szwedzki argumentowa\u0142, \u017ce proponowany limit nikotyny wynosz\u0105cy 0,99 mg na saszetk\u0119 jest nieproporcjonalny oraz \u017ce Hiszpania nie uzasadni\u0142a, dlaczego mniej inwazyjne \u015brodki nie wystarczy\u0142yby do osi\u0105gni\u0119cia zamierzonych cel\u00f3w zdrowotnych. <\/p>\n\n<p class=\"wp-block-paragraph\">Rz\u0105d Hiszpanii spotyka si\u0119 r\u00f3wnie\u017c z oporem ze strony krajowego urz\u0119du ds. konkurencji, CMC, <a href=\"https:\/\/clearingtheair.eu\/en\/post\/spanish-watchdog-demands-evidence-to-justify-vape-and-nicotine-pouch-rules\/\">kt\u00f3ry za\u017c\u0105da\u0142 przedstawienia dodatkowych dowod\u00f3w naukowych przed zatwierdzeniem tej propozycji<\/a>.<\/p>\n\n<p class=\"wp-block-paragraph\">Hiszpa\u0144ski projekt przed\u0142o\u017cony w ramach TRIS (Systemu Informacji o Przepisach Technicznych) \u2013 mechanizmu maj\u0105cego na celu zapewnienie przejrzysto\u015bci i zgodno\u015bci przepis\u00f3w technicznych w UE \u2013 obejmuje kilka kluczowych \u015brodk\u00f3w. Nale\u017c\u0105 do nich zakaz stosowania substancji smakowych w papierosach elektronicznych, zar\u00f3wno zawieraj\u0105cych nikotyn\u0119, jak i jej niezawieraj\u0105cych, oraz surowe ograniczenia dotycz\u0105ce zawarto\u015bci nikotyny w saszetkach, co w praktyce oznacza zakaz dotycz\u0105cy ca\u0142ej tej kategorii produkt\u00f3w. <\/p>\n\n<p class=\"wp-block-paragraph\">W rozporz\u0105dzeniu zaproponowano r\u00f3wnie\u017c obni\u017cenie maksymalnego dopuszczalnego st\u0119\u017cenia nikotyny w p\u0142ynach do e-papieros\u00f3w z 20 mg\/ml, przewidzianego w poprzednim projekcie, do 15 mg\/ml.<\/p>\n\n<p class=\"wp-block-paragraph\">Liczba zastrze\u017ce\u0144 zg\u0142oszonych przez inne pa\u0144stwa cz\u0142onkowskie UE jest niezwyk\u0142a: w ubieg\u0142ym roku jedynie 3,3% spo\u015br\u00f3d 765 zg\u0142oszonych projekt\u00f3w rozporz\u0105dze\u0144 spotka\u0142o si\u0119 z uzasadnionymi opiniami, a \u017caden z nich nie otrzyma\u0142 a\u017c sze\u015bciu takich opinii.  <\/p>\n\n<p class=\"wp-block-paragraph\">Hiszpa\u0144skie Ministerstwo Zdrowia ma teraz czas do 28 lipca na udzielenie odpowiedzi na zastrze\u017cenia zg\u0142oszone przez kraje wyra\u017caj\u0105ce sprzeciw. Mo\u017ce ono albo argumentowa\u0107, \u017ce kwestionowane aspekty dekretu nie maj\u0105 nadmiernego wp\u0142ywu na rynek wewn\u0119trzny, albo zdecydowa\u0107 si\u0119 na zmian\u0119 przepis\u00f3w w celu uwzgl\u0119dnienia konkretnych zastrze\u017ce\u0144. <\/p>\n<div class=\"clear-after-content\" style=\"margin-top: 20px;margin-bottom: 20px;margin-left: auto;margin-right: auto;text-align: center;\" id=\"clear-1382971299\"><a data-no-instant=\"1\" href=\"https:\/\/www.broughton-group.com\/nicotine?utm_campaign=43296353-Clearing%20the%20Air%20PPC%20Campaign%20-%202026&#038;utm_source=ppc&#038;utm_medium=Paid%20Ads\" rel=\"noopener\" class=\"a2t-link\" aria-label=\"728 x 90 (2)\"><img src=\"https:\/\/clearingtheair.eu\/wp-content\/uploads\/2026\/04\/728-x-90-2.png\" alt=\"\"  srcset=\"https:\/\/clearingtheair.eu\/wp-content\/uploads\/2026\/04\/728-x-90-2.png 728w, https:\/\/clearingtheair.eu\/wp-content\/uploads\/2026\/04\/728-x-90-2-300x37.png 300w, https:\/\/clearingtheair.eu\/wp-content\/uploads\/2026\/04\/728-x-90-2-370x46.png 370w, https:\/\/clearingtheair.eu\/wp-content\/uploads\/2026\/04\/728-x-90-2-600x74.png 600w\" sizes=\"(max-width: 728px) 100vw, 728px\" width=\"728\" height=\"90\"  style=\"display: inline-block;\" \/><\/a><\/div>","protected":false},"excerpt":{"rendered":"<p>Plany Hiszpanii dotycz\u0105ce wprowadzenia zakazu sprzeda\u017cy wszystkich saszetek z nikotyn\u0105 i wi\u0119kszo\u015bci e-papieros\u00f3w napotka\u0142y powa\u017cn\u0105 przeszkod\u0119 \u2013 sze\u015b\u0107 innych pa\u0144stw cz\u0142onkowskich Unii Europejskiej zg\u0142osi\u0142o formalne zastrze\u017cenia wobec proponowanego aktu prawnego. Zgodnie z dokumentami, do kt\u00f3rych dotar\u0142 serwis \u201eEl Confidencial\u201d, W\u0142ochy, Szwecja, Grecja,&hellip;<\/p>\n","protected":false},"author":990003,"featured_media":24265,"comment_status":"open","ping_status":"open","sticky":false,"template":"","format":"standard","meta":{"footnotes":""},"categories":[286],"tags":[540,370,415,414,448],"slider":[],"class_list":["post-24272","post","type-post","status-publish","format-standard","has-post-thumbnail","hentry","category-aktualnosci","tag-hiszpania","tag-nikotyna","tag-szwecja","tag-unia-europejska","tag-wlochy"],"_links":{"self":[{"href":"https:\/\/clearingtheair.eu\/pl\/wp-json\/wp\/v2\/posts\/24272","targetHints":{"allow":["GET"]}}],"collection":[{"href":"https:\/\/clearingtheair.eu\/pl\/wp-json\/wp\/v2\/posts"}],"about":[{"href":"https:\/\/clearingtheair.eu\/pl\/wp-json\/wp\/v2\/types\/post"}],"author":[{"embeddable":true,"href":"https:\/\/clearingtheair.eu\/pl\/wp-json\/wp\/v2\/users\/990003"}],"replies":[{"embeddable":true,"href":"https:\/\/clearingtheair.eu\/pl\/wp-json\/wp\/v2\/comments?post=24272"}],"version-history":[{"count":3,"href":"https:\/\/clearingtheair.eu\/pl\/wp-json\/wp\/v2\/posts\/24272\/revisions"}],"predecessor-version":[{"id":38892,"href":"https:\/\/clearingtheair.eu\/pl\/wp-json\/wp\/v2\/posts\/24272\/revisions\/38892"}],"wp:featuredmedia":[{"embeddable":true,"href":"https:\/\/clearingtheair.eu\/pl\/wp-json\/wp\/v2\/media\/24265"}],"wp:attachment":[{"href":"https:\/\/clearingtheair.eu\/pl\/wp-json\/wp\/v2\/media?parent=24272"}],"wp:term":[{"taxonomy":"category","embeddable":true,"href":"https:\/\/clearingtheair.eu\/pl\/wp-json\/wp\/v2\/categories?post=24272"},{"taxonomy":"post_tag","embeddable":true,"href":"https:\/\/clearingtheair.eu\/pl\/wp-json\/wp\/v2\/tags?post=24272"},{"taxonomy":"slider","embeddable":true,"href":"https:\/\/clearingtheair.eu\/pl\/wp-json\/wp\/v2\/slider?post=24272"}],"curies":[{"name":"wp","href":"https:\/\/api.w.org\/{rel}","templated":true}]}}