{"id":24473,"date":"2025-05-15T11:08:39","date_gmt":"2025-05-15T11:08:39","guid":{"rendered":"https:\/\/clearingtheair.eu\/post\/opinia-jesli-wapowanie-zabija-to-o-czym-jeszcze-klamia\/"},"modified":"2025-05-15T11:08:55","modified_gmt":"2025-05-15T11:08:55","slug":"opinia-jesli-wapowanie-zabija-to-o-czym-jeszcze-klamia","status":"publish","type":"post","link":"https:\/\/clearingtheair.eu\/pl\/post\/opinia-jesli-wapowanie-zabija-to-o-czym-jeszcze-klamia\/","title":{"rendered":"OPINIA: Je\u015bli wapowanie zabija, to o czym jeszcze k\u0142ami\u0105?"},"content":{"rendered":"\n<p><strong>Nominacja Oliv\u00e9ra Varhelyi&#8217;ego na komisarza UE ds. zdrowia nie by\u0142a \u0142atwa.  <\/strong><\/p>\n\n<p>Cz\u0142onkowie Parlamentu Europejskiego &#8211; nieufni wobec bliskich powi\u0105za\u0144 w\u0119gierskiego kandydata z autokratycznym przyw\u00f3dc\u0105 kraju Viktorem Orbanem &#8211; chcieli mie\u0107 pewno\u015b\u0107, \u017ce jego pogl\u0105dy na temat aborcji (cz\u0119sto spekuluje si\u0119, \u017ce uwa\u017ca, \u017ce powinna by\u0107 zakazana) i szczepionek (W\u0119gry rozprowadza\u0142y nieskuteczne chi\u0144skie i rosyjskie szczepionki podczas COVID) nie doprowadz\u0105 do zalewu dezinformacji infekuj\u0105cych u\u015bwi\u0119cone sale siedziby Komisji Europejskiej w Berlaymont.<\/p>\n\n<p>Staraj\u0105c si\u0119 uspokoi\u0107 pos\u0142\u00f3w do PE i wzmocni\u0107 swoj\u0105 nominacj\u0119, Varhelyi <a href=\"https:\/\/hearings.elections.europa.eu\/documents\/varhelyi\/varhelyi_additionalwrittenquestionsandanswers_en.pdf\" rel=\"nofollow noopener\" target=\"_blank\">z\u0142o\u017cy\u0142 pod koniec ubieg\u0142ego roku pisemne o\u015bwiadczenie<\/a>, w kt\u00f3rym stwierdzi\u0142, \u017ce <strong>&#8222;ochrona obywateli europejskich przed szkodliwymi skutkami dezinformacji b\u0119dzie dla mnie najwy\u017cszym priorytetem, w tym w dziedzinie zdrowia publicznego&#8221;.<\/strong> Wkr\u00f3tce potem jego kandydatura zosta\u0142a potwierdzona. <\/p>\n\n<p>Szybko do przodu do wtorku (13 maja 2025 r.). Varhelyi, kt\u00f3ry wydawa\u0142 si\u0119 pracowa\u0107 na podstawie wcze\u015bniej przygotowanych o\u015bwiadcze\u0144, powiedzia\u0142 Komisji Ochrony \u015arodowiska Parlamentu Europejskiego, \u017ce wapowanie &#8222;stworzy\u0142o zupe\u0142nie nowe zagro\u017cenia dla zdrowia, kt\u00f3re s\u0105 por\u00f3wnywalne, a nawet wi\u0119ksze ni\u017c samo palenie&#8221;, powo\u0142uj\u0105c si\u0119 na &#8222;artyku\u0142y na temat p\u0142uc popcornowych&#8221; jako dow\u00f3d. <\/p>\n\n<p>Zanim przejdziemy dalej, kr\u00f3tko odnie\u015bmy si\u0119 do istoty tego stwierdzenia. <a href=\"https:\/\/www.cancerresearchuk.org\/about-cancer\/causes-of-cancer\/does-vaping-cause-popcorn-lung\" rel=\"nofollow noopener\" target=\"_blank\">Nigdy nie by\u0142o potwierdzonego przypadku p\u0142uc popcornowych spowodowanych wapowaniem<\/a>. I nawet najbardziej zatwardziali zwolennicy wapowania, gdy s\u0105 naciskani, przyznaj\u0105, \u017ce wapowanie jest znacznie mniej szkodliwe ni\u017c palenie. <\/p>\n\n<p><strong>Najwyra\u017aniej wojna Varhelyi przeciwko dezinformacji nie jest tak \u015bwi\u0119ta, jak nam si\u0119 wydawa\u0142o.<\/strong><\/p>\n\n<p>Gdyby by\u0142 to odosobniony incydent, mogliby\u015bmy go przypisa\u0107 nieuczciwemu komisarzowi, mianowanemu na polecenie pariasowatego pa\u0144stwa cz\u0142onkowskiego UE, wykonuj\u0105cemu wolne zawody przed komisj\u0105, aby zadowoli\u0107 swoich mistrz\u00f3w w Budapeszcie. W ko\u0144cu W\u0119gry maj\u0105 jedne z najgorszych przepis\u00f3w dotycz\u0105cych wapowania w ca\u0142ej Europie, a partia Fidesz Orbana by\u0142a jednym z niewielu populistycznych ugrupowa\u0144, kt\u00f3re przeg\u0142osowa\u0142y proponowany przez Komisj\u0119 zakaz wapowania we wszystkich miejscach publicznych. <\/p>\n\n<p>Niestety, tak nie jest.<\/p>\n\n<p>Varhelyi nie jest nawet pierwszym komisarzem europejskim, kt\u00f3ry z\u0142o\u017cy\u0142 takie o\u015bwiadczenie w tym roku. W lutym komisarz ds. klimatu i podatk\u00f3w Wopke Hoekstra &#8211; <a href=\"https:\/\/clearingtheair.eu\/en\/post\/exclusive-eu-vape-and-pouch-tax-by-summer-commissioner-tells-parliament\/\">staraj\u0105c si\u0119 przeforsowa\u0107 swoje propozycje dotycz\u0105ce wysokich podatk\u00f3w nikotynowych<\/a> &#8211; <a href=\"https:\/\/clearingtheair.eu\/en\/post\/european-commissioner-wrongly-states-vaping-kills\/\">powiedzia\u0142 innej komisji parlamentarnej<\/a>, \u017ce &#8222;wapowanie zabija&#8221;. <\/p>\n\n<p>W tym tygodniu dyrektor generalny WHO, dr Tedros Adhanom Ghebreyesus, <a href=\"https:\/\/clearingtheair.eu\/en\/post\/who-boss-slammed-for-tobacco-kills-claim-critics-say-hes-spreading-dangerous-misinformation\/\">powiedzia\u0142 podczas webinarium<\/a>, \u017ce &#8222;tyto\u0144 zabija bez wzgl\u0119du na to, jak jest zapakowany&#8221;.<\/p>\n\n<blockquote class=\"wp-block-quote is-layout-flow wp-block-quote-is-layout-flow\">\n<p>Wygl\u0105da na to, \u017ce rz\u0105dz\u0105cy b\u0119d\u0105 teraz argumentowa\u0107, \u017ce wapowanie jest tak samo z\u0142e jak palenie, pomimo przyt\u0142aczaj\u0105cej wagi dowod\u00f3w \u015bwiadcz\u0105cych o czym\u015b przeciwnym. Jest to nie tylko b\u0142\u0119dne, ale tak\u017ce niebezpieczne i ma wp\u0142yw na legalne bitwy przeciwko dezinformacji tam, gdzie ma to naprawd\u0119 znaczenie. To nowe dno.  <\/p>\n<\/blockquote>\n\n<p>Zar\u00f3wno Hoekstra, jak i Tedros sprzeciwiali si\u0119 dezinformacji w innych obszarach. Obszary, w kt\u00f3rych walka z dezinformacj\u0105 naprawd\u0119 ma znaczenie, takie jak zmiany klimatu i polityka dotycz\u0105ca szczepionek. <\/p>\n\n<p>Hoekstra cz\u0119sto korzysta\u0142 z serwisu LinkedIn, aby promowa\u0107 swoje przekonania na ten temat. Dzie\u0144 przed o\u015bwiadczeniem Varhelyi, <a href=\"https:\/\/x.com\/WBHoekstra\/status\/1921985430477570540\" rel=\"nofollow\">Hoekstra napisa\u0142 na Twitterze<\/a> <strong>: &#8222;Nie mog\u0119 wystarczaj\u0105co podkre\u015bli\u0107 znaczenia nauki dla kszta\u0142towania naszej polityki w czasach dezinformacji&#8221;.<\/strong> <\/p>\n\n<p>Szczeg\u00f3lnie zale\u017cy mu na przeciwdzia\u0142aniu dezinformacji na temat zmian klimatu: w rzeczywisto\u015bci <a href=\"https:\/\/commission.europa.eu\/document\/download\/eab354d1-64d2-450f-8ed4-eb3d42661974_en?filename=mission-letter-hoekstra.pdf\" rel=\"nofollow noopener\" target=\"_blank\">jest to cz\u0119\u015b\u0107 jego formalnego briefu w Komisji Europejskiej<\/a>. Niedawno wzi\u0105\u0142 udzia\u0142 w LinkedIn, aby powi\u0105za\u0107 dezinformacj\u0119 klimatyczn\u0105 z Rosj\u0105: <\/p>\n\n<blockquote class=\"wp-block-quote is-layout-flow wp-block-quote-is-layout-flow\">\n<p>&#8222;Dezinformacja klimatyczna to celowe rozpowszechnianie fa\u0142szywych informacji zwi\u0105zanych ze zmianami klimatu i dzia\u0142aniami na rzecz klimatu&#8221;, napisa\u0142. &#8222;Mo\u017ce przybiera\u0107 r\u00f3\u017cne formy: od ra\u017c\u0105cego zaprzeczania lub teorii spiskowych po bardziej subtelne formy dezinformacji&#8230; Jest cz\u0119sto wykorzystywana przez zagranicznych przeciwnik\u00f3w, takich jak Rosja, do zak\u0142\u00f3cania \u017cycia spo\u0142ecznego lub forsowania agendy&#8221;. <\/p>\n<\/blockquote>\n\n<p><strong>Teraz zast\u0105p s\u0142owo &#8222;klimat&#8221; s\u0142owem &#8222;vaping&#8221;, a zobaczysz problem.<\/strong><\/p>\n\n<p>Wojna Tedrosa z dezinformacj\u0105 trwa &#8211; s\u0142usznie &#8211; od czasu pandemii, kiedy to WHO stara\u0142a si\u0119 zaj\u0105\u0107 dezinformacj\u0105 na temat szczepionek. Niedawno nazwa\u0142 obawy dotycz\u0105ce traktatu WHO w sprawie pandemii &#8222;fa\u0142szywymi wiadomo\u015bciami&#8221; <a href=\"https:\/\/x.com\/DrTedros\/status\/1722219961362559382\" rel=\"nofollow\">i argumentowa\u0142 na Twitterze<\/a>, \u017ce &#8222;znajdujemy si\u0119 w czasach, w kt\u00f3rych szerz\u0105 si\u0119 fa\u0142szywe wiadomo\u015bci, k\u0142amstwa, teorie spiskowe, dezinformacja i dezinformacja&#8221;. <\/p>\n\n<p>Nie trzeba o tym m\u00f3wi\u0107, ale przypuszczam, \u017ce musz\u0119 to powiedzie\u0107: koncepcja dezinformacji ma sens tylko wtedy, gdy jest stosowana w r\u00f3wnym stopniu. Kiedy sprzeciwiasz si\u0119 dezinformacji w jednym obszarze, a jednocze\u015bnie aktywnie j\u0105 rozpowszechniasz z pozycji w\u0142adzy w innym, niekt\u00f3rzy mog\u0105 doj\u015b\u0107 do wniosku, \u017ce jeste\u015b hipokryt\u0105. A kiedy to zrobi\u0105, dlaczego mieliby traktowa\u0107 ci\u0119 powa\u017cnie, gdy m\u00f3wisz o globalnym ociepleniu lub szczepionkach?  <\/p>\n\n<p>Je\u015bli politycy chc\u0105 argumentowa\u0107 za zakazami vape, istniej\u0105 sposoby, aby to zrobi\u0107, kt\u00f3re cho\u0107 zasadniczo wadliwe, nie wznosz\u0105 si\u0119 na poziom jawnych k\u0142amstw i dezinformacji.  <\/p>\n\n<p>Mog\u0105 argumentowa\u0107, \u017ce pomaganie doros\u0142ym w rzuceniu palenia nie jest warte ryzyka zwi\u0105zanego z wapowaniem przez dzieci. Mog\u0105 argumentowa\u0107, \u017ce z moralnego punktu widzenia nie powinni wprowadza\u0107 na rynek \u017cadnych nowych uzale\u017cniaj\u0105cych produkt\u00f3w. Mog\u0105 nawet by\u0107 szczerzy i twierdzi\u0107, \u017ce uwa\u017caj\u0105, i\u017c osoby pal\u0105ce s\u0105 w jaki\u015b spos\u00f3b s\u0142abe lub gorsze i nie zas\u0142uguj\u0105 na mo\u017cliwo\u015b\u0107 dokonywania lepszych i bezpieczniejszych wybor\u00f3w.  <\/p>\n\n<p>Ale je\u015bli teraz m\u00f3wi\u0105, \u017ce dopuszczalne jest, aby autorytety polityczne i medyczne wprost k\u0142ama\u0142y na temat vapingu przed kamer\u0105, poniewa\u017c pasuje to do ich programu politycznego, to kim s\u0105, aby powiedzie\u0107, \u017ce rosyjska dezinformacja wojenna, dezinformacja klimatyczna lub dezinformacja o szczepionkach stanowi\u0105 zagro\u017cenie dla naszych spo\u0142ecze\u0144stw?<\/p>\n\n<p><strong>Niekt\u00f3rym osobom nie podoba si\u0119 fakt, \u017ce bezpieczniejsze produkty nikotynowe s\u0105 powszechnie dost\u0119pne.  <\/strong><\/p>\n\n<p>Jestem przeciwnego zdania. Powinienem by\u0107 w stanie prowadzi\u0107 debat\u0119 z kim\u015b po drugiej stronie, kt\u00f3ra, cho\u0107 kontrowersyjna, by\u0142aby przynajmniej uczciwa.   <\/p>\n\n<p>Mog\u0119 m\u00f3wi\u0107 o moim osobistym do\u015bwiadczeniu rzucenia palenia za pomoc\u0105 vap\u00f3w i saszetek oraz o tym, jak widzia\u0142em tysi\u0105ce innych os\u00f3b, kt\u00f3re zrobi\u0142y to samo. Ta teoretycznie inna osoba mo\u017ce m\u00f3wi\u0107 o tym, jak widzia\u0142a m\u0142odych ludzi wapuj\u0105cych; prawdopodobnie tak by\u0142o i \u017cadne rozwi\u0105zanie nie jest idealne. Ja mog\u0119 wskaza\u0107 dane, kt\u00f3re potwierdzaj\u0105 m\u00f3j argument, a oni mog\u0105 wskaza\u0107 dane, kt\u00f3re potwierdzaj\u0105 ich argument.    <\/p>\n\n<p>Mog\u0105 wskazywa\u0107 na m\u00f3j konflikt interes\u00f3w: Przez ostatni\u0105 dekad\u0119 pracowa\u0142em w bran\u017cy czerpi\u0105cej zyski z bezpieczniejszych produkt\u00f3w i tak, mam w\u0142asne uprzedzenia. By\u0107 mo\u017ce ta fikcyjna osoba r\u00f3wnie\u017c ma swoje uprzedzenia, tak jak dyrektorzy farmaceutyczni, z kt\u00f3rymi spiera\u0142em si\u0119 ostatnim razem, gdy Europa pr\u00f3bowa\u0142a zakaza\u0107 waporyzacji. <\/p>\n\n<p>(Dla jasno\u015bci: Nigdy nie opowiada\u0142em si\u0119 za niczym innym ni\u017c najsurowszymi regulacjami dotycz\u0105cymi produkt\u00f3w w\u0119dzonych i popiera\u0142em takie rzeczy, jak zwyk\u0142e opakowania i zakazy ekspozycji).<\/p>\n\n<p>Ta fikcyjna osoba i ja mo\u017cemy odby\u0107 szczer\u0105 rozmow\u0119 na temat zr\u00f3wnowa\u017cenia moich obaw z jej obawami, zachowuj\u0105c przy tym przynajmniej pewien poziom wzajemnego szacunku. Przez lata odby\u0142em wiele takich rozm\u00f3w. Lubi\u0119 wi\u0119kszo\u015b\u0107 z nich i cz\u0119sto dowiaduj\u0119 si\u0119 nowych rzeczy (rekwizyty dla dzia\u0142acza na rzecz kontroli tytoniu, kt\u00f3ry kiedy\u015b szczeg\u00f3\u0142owo wyja\u015bni\u0142, dlaczego najskuteczniejszym \u015brodkiem kontroli tytoniu, jaki m\u00f3g\u0142by podj\u0105\u0107 rz\u0105d, by\u0142oby naleganie na kuliste opakowanie papieros\u00f3w).  <\/p>\n\n<blockquote class=\"wp-block-quote is-layout-flow wp-block-quote-is-layout-flow\">\n<p>Ale w momencie, gdy argument opiera si\u0119 na oczywistym fa\u0142szu, \u017ce vape s\u0105 &#8222;tak samo z\u0142e jak palenie&#8221;, ca\u0142a dyskusja staje si\u0119 bezcelowa. Albo naprawd\u0119 w to wierzysz, w kt\u00f3rym to przypadku jeste\u015b analfabet\u0105; lub \u015bwiadomie k\u0142amiesz, w kt\u00f3rym to przypadku jeste\u015b nieuczciwy.   <\/p>\n<\/blockquote>\n\n<p>I w tym miejscu jeste\u015bmy. Wydaje si\u0119 oczywiste, \u017ce argument &#8222;tak samo szkodliwy jak palenie&#8221; jest obecnie rozpowszechniany w ca\u0142ej UE i WHO w skoordynowany spos\u00f3b, mimo \u017ce lata temu udowodniono, \u017ce jest to fa\u0142szywa wiadomo\u015b\u0107.   <\/p>\n\n<p><strong>Nasuwaj\u0105 si\u0119 dwa pytania: czy zaszkodzi to Europejczykom, kt\u00f3rzy po prostu chc\u0105 rzuci\u0107 palenie? I dlaczego Europejczycy mieliby wierzy\u0107 w to, co politycy s\u0142usznie m\u00f3wi\u0105 im o dezinformacji w innych cz\u0119\u015bciach \u017cycia publicznego? <\/strong><\/p>\n","protected":false},"excerpt":{"rendered":"<p>Nominacja Oliv\u00e9ra Varhelyi&#8217;ego na komisarza UE ds. zdrowia nie by\u0142a \u0142atwa. Cz\u0142onkowie Parlamentu Europejskiego &#8211; nieufni wobec bliskich powi\u0105za\u0144 w\u0119gierskiego kandydata z autokratycznym przyw\u00f3dc\u0105 kraju Viktorem Orbanem &#8211; chcieli mie\u0107 pewno\u015b\u0107, \u017ce jego pogl\u0105dy na temat aborcji (cz\u0119sto spekuluje si\u0119, \u017ce uwa\u017ca,&hellip;<\/p>\n","protected":false},"author":990004,"featured_media":24470,"comment_status":"open","ping_status":"open","sticky":false,"template":"","format":"standard","meta":{"footnotes":""},"categories":[286],"tags":[371],"slider":[],"class_list":["post-24473","post","type-post","status-publish","format-standard","has-post-thumbnail","hentry","category-aktualnosci","tag-globalny"],"_links":{"self":[{"href":"https:\/\/clearingtheair.eu\/pl\/wp-json\/wp\/v2\/posts\/24473","targetHints":{"allow":["GET"]}}],"collection":[{"href":"https:\/\/clearingtheair.eu\/pl\/wp-json\/wp\/v2\/posts"}],"about":[{"href":"https:\/\/clearingtheair.eu\/pl\/wp-json\/wp\/v2\/types\/post"}],"author":[{"embeddable":true,"href":"https:\/\/clearingtheair.eu\/pl\/wp-json\/wp\/v2\/users\/990004"}],"replies":[{"embeddable":true,"href":"https:\/\/clearingtheair.eu\/pl\/wp-json\/wp\/v2\/comments?post=24473"}],"version-history":[{"count":1,"href":"https:\/\/clearingtheair.eu\/pl\/wp-json\/wp\/v2\/posts\/24473\/revisions"}],"predecessor-version":[{"id":24474,"href":"https:\/\/clearingtheair.eu\/pl\/wp-json\/wp\/v2\/posts\/24473\/revisions\/24474"}],"wp:featuredmedia":[{"embeddable":true,"href":"https:\/\/clearingtheair.eu\/pl\/wp-json\/wp\/v2\/media\/24470"}],"wp:attachment":[{"href":"https:\/\/clearingtheair.eu\/pl\/wp-json\/wp\/v2\/media?parent=24473"}],"wp:term":[{"taxonomy":"category","embeddable":true,"href":"https:\/\/clearingtheair.eu\/pl\/wp-json\/wp\/v2\/categories?post=24473"},{"taxonomy":"post_tag","embeddable":true,"href":"https:\/\/clearingtheair.eu\/pl\/wp-json\/wp\/v2\/tags?post=24473"},{"taxonomy":"slider","embeddable":true,"href":"https:\/\/clearingtheair.eu\/pl\/wp-json\/wp\/v2\/slider?post=24473"}],"curies":[{"name":"wp","href":"https:\/\/api.w.org\/{rel}","templated":true}]}}