{"id":26793,"date":"2025-09-29T10:11:26","date_gmt":"2025-09-29T10:11:26","guid":{"rendered":"https:\/\/clearingtheair.eu\/post\/przyrzeczenie-trumpa-dotyczace-ochrony-waporyzacji-wywoluje-reakcje-po-bezczynnosci\/"},"modified":"2025-09-29T10:12:18","modified_gmt":"2025-09-29T10:12:18","slug":"przyrzeczenie-trumpa-dotyczace-ochrony-waporyzacji-wywoluje-reakcje-po-bezczynnosci","status":"publish","type":"post","link":"https:\/\/clearingtheair.eu\/pl\/post\/przyrzeczenie-trumpa-dotyczace-ochrony-waporyzacji-wywoluje-reakcje-po-bezczynnosci\/","title":{"rendered":"Przyrzeczenie Trumpa dotycz\u0105ce ochrony waporyzacji wywo\u0142uje reakcj\u0119 po bezczynno\u015bci"},"content":{"rendered":"<div class=\"clear-before-content-2\" style=\"margin-top: 20px;margin-bottom: 20px;margin-left: auto;margin-right: auto;text-align: center;\" id=\"clear-684843567\"><img src=\"https:\/\/clearingtheair.eu\/wp-content\/uploads\/2026\/04\/caafc5c68900198b80aee12c11b50184.avif\" alt=\"\"   style=\"display: inline-block;\" \/><\/div>\n<p><strong>Zobowi\u0105zanie prezydenta Donalda Trumpa do <a href=\"https:\/\/clearingtheair.eu\/en\/post\/trump-vows-to-save-vaping\/\">&#8222;ratowania vapingu&#8221;<\/a> spotyka si\u0119 z krytyk\u0105 ze strony vaper\u00f3w i zwolennik\u00f3w redukcji szk\u00f3d, kt\u00f3rzy twierdz\u0105, \u017ce jego administracja zamiast tego nadzorowa\u0142a rozpraw\u0119 z produktami, kt\u00f3re obieca\u0142 chroni\u0107<\/strong>.<\/p>\n\n<p>We wrze\u015bniu 2024 r. Trump napisa\u0142 na swojej platformie Truth Social, \u017ce b\u0119dzie broni\u0142 aromatyzowanych vap\u00f3w, je\u015bli zostanie ponownie wybrany. &#8222;Uratowa\u0142em vaping smakowy w 2019 roku i bardzo pom\u00f3g\u0142 on ludziom rzuci\u0107 palenie&#8221; &#8211; napisa\u0142.   <\/p>\n\n<p>\u201ePodnios\u0142em wiek do 21 lat, trzymaj\u0105c go z dala od\u201d dzieciak\u00f3w \u201e. Kamala [Harris] i Joe [Biden] chc\u0105 zakaza\u0107 wszystkiego, zabijaj\u0105c ma\u0142e firmy w ca\u0142ym kraju. Zn\u00f3w ocal\u0119 vaping\u201d.<\/p>\n\n<h3 class=\"wp-block-heading\"><strong>Reakcja spo\u0142eczno\u015bci vape<\/strong><\/h3>\n\n<p>Jednak od czasu powrotu na urz\u0105d federalne dzia\u0142ania egzekucyjne by\u0142y wymierzone w dystrybutor\u00f3w i produkty vape, wywo\u0142uj\u0105c ostre reakcje w ca\u0142ej spo\u0142eczno\u015bci vaping.<\/p>\n\n<p>Zwolennik redukcji szk\u00f3d <a href=\"https:\/\/x.com\/dnmarlin\/status\/1964965242481635619\" rel=\"nofollow\">Dan Marlin<\/a> opublikowa\u0142 na X: &#8222;Co si\u0119 sta\u0142o<a href=\"https:\/\/x.com\/realDonaldTrump\" rel=\"nofollow\"> @realDonaldTrump<\/a> z ratowaniem aromatyzowanej waporyzacji dla doros\u0142ych?&#8221;.<\/p>\n\n<p><a href=\"https:\/\/x.com\/brentstafford\/status\/1970514505571418346\" rel=\"nofollow\">Brent Stafford<\/a>, komentator polityczny, publicysta i producent telewizyjny, opublikowa\u0142 ponownie artyku\u0142 Regulator Watch na X, dodaj\u0105c: &#8222;Zn\u00f3w spalony. Trump obieca\u0142 uratowa\u0107 vaping. Zamiast tego jego FDA zorganizowa\u0142a najwi\u0119ksz\u0105 konfiskat\u0119 vape w historii USA, jednocze\u015bnie szybko \u015bledz\u0105c woreczki z nikotyn\u0105. Zdrada k\u0142uje w oczy&#8221;.<\/p>\n\n<p>Inni u\u017cytkownicy powt\u00f3rzyli poczucie frustracji. Konto pod nazw\u0105 <a href=\"https:\/\/x.com\/DezH115111\/status\/1969481697763713297\" rel=\"nofollow\">@DezH115111<\/a> opublikowa\u0142o: &#8222;Make vaping great again!!!&#8221; wraz z gifem Barta Simpsona przedstawiaj\u0105cym s\u0119dzi\u00f3w trzymaj\u0105cych zera z podpisem &#8222;EPIC FAIL&#8221;. <\/p>\n<div class=\"wp-block-image\">\n<figure class=\"alignleft size-large is-resized\"><img fetchpriority=\"high\" decoding=\"async\" width=\"1024\" height=\"787\" src=\"https:\/\/clearingtheair.eu\/wp-content\/uploads\/2025\/09\/image-5-1024x787.png\" alt=\"\" class=\"wp-image-26780\" style=\"width:328px;height:auto\" srcset=\"https:\/\/clearingtheair.eu\/wp-content\/uploads\/2025\/09\/image-5-1024x787.png 1024w, https:\/\/clearingtheair.eu\/wp-content\/uploads\/2025\/09\/image-5-300x231.png 300w, https:\/\/clearingtheair.eu\/wp-content\/uploads\/2025\/09\/image-5-768x590.png 768w, https:\/\/clearingtheair.eu\/wp-content\/uploads\/2025\/09\/image-5-370x284.png 370w, https:\/\/clearingtheair.eu\/wp-content\/uploads\/2025\/09\/image-5-760x584.png 760w, https:\/\/clearingtheair.eu\/wp-content\/uploads\/2025\/09\/image-5-600x461.png 600w, https:\/\/clearingtheair.eu\/wp-content\/uploads\/2025\/09\/image-5.png 1150w\" sizes=\"(max-width: 1024px) 100vw, 1024px\" \/><\/figure>\n<\/div>\n<p><a href=\"https:\/\/x.com\/VapingHistorian\/status\/1945797048445321492\" rel=\"nofollow\">Kevin<\/a>, konsument publikuj\u0105cy jako @VapingHistorian, powiedzia\u0142: &#8222;Podnie\u015b r\u0119k\u0119, je\u015bli g\u0142osowa\u0142e\u015b na<a href=\"https:\/\/x.com\/realDonaldTrump\" rel=\"nofollow\"> @realDonaldTrump<\/a>, poniewa\u017c z\u0142o\u017cy\u0142 obietnic\u0119 kampanii, aby uratowa\u0107 aromatyzowane vapes, ale teraz jeste\u015b wkurzony, poniewa\u017c w\u0142a\u015bnie zdajesz sobie spraw\u0119, \u017ce to by\u0142o wielkie t\u0142uste K\u0141AMSTWO, a on ma ZERO zamiaru ratowania aromatyzowanych vapes!!!&#8221;.<\/p>\n\n<h3 class=\"wp-block-heading\"><strong>T\u0142o pierwszej kadencji Trumpa<\/strong><\/h3>\n\n<p>Krytyka pojawia si\u0119 na tle pierwszej kadencji Trumpa, kiedy to pocz\u0105tkowo obieca\u0142 rozprawi\u0107 si\u0119 ze sprzeda\u017c\u0105 aromatyzowanych vape w zwi\u0105zku z gwa\u0142townym wzrostem liczby nastolatk\u00f3w. Po reakcjach ze strony ma\u0142ych firm i doros\u0142ych konsument\u00f3w, jego administracja zaw\u0119zi\u0142a t\u0119 polityk\u0119.   <\/p>\n\n<p>Ostateczna wersja zakaza\u0142a wi\u0119kszo\u015bci s\u0142odkich i owocowych wk\u0142ad\u00f3w vape w sklepach og\u00f3lnospo\u017cywczych, ale zezwoli\u0142a na wk\u0142ady mentolowe i butelkowane e-liquidy, aby pozosta\u0142y dost\u0119pne w sklepach vape.<\/p>\n\n<p>W tamtym czasie liderzy bran\u017cy przypisywali mu osi\u0105gni\u0119cie r\u00f3wnowagi. Tony Abboud, dyrektor wykonawczy Vapor Technology Association, powiedzia\u0142 po spotkaniu z Trumpem w 2019 r., \u017ce podniesienie wieku zakupu do 21 lat przy jednoczesnym zachowaniu smakowych e-liquid\u00f3w stanowi\u0142o <a href=\"https:\/\/www.washingtonpost.com\/politics\/2024\/09\/21\/trump-vaping-tobacco-lobbyist\/\" rel=\"nofollow noopener\" target=\"_blank\">&#8222;dwa odwa\u017cne i zdecydowane dzia\u0142ania&#8221;.<\/a> <\/p>\n\n<p>Teraz niekt\u00f3rzy niezale\u017cni tw\u00f3rcy i zwolennicy vape twierdz\u0105, \u017ce jego druga kadencja posz\u0142a w przeciwnym kierunku. Wieloletni tw\u00f3rca tre\u015bci vaping <a href=\"https:\/\/x.com\/i\/broadcasts\/1mnGegzZXVrxX\" rel=\"nofollow\">@GrimmGreen<\/a> zorganizowa\u0142 w czerwcu 2025 r. transmisj\u0119 zatytu\u0142owan\u0105 &#8222;Czy ktokolwiek wierzy, \u017ce Trump nadal uratuje vaping?&#8221;. <\/p>\n\n<p><a href=\"https:\/\/x.com\/LanceChurchill\/status\/1869149843807154486\" rel=\"nofollow\">Lance Churchill,<\/a> kt\u00f3ry cz\u0119sto publikuje posty na temat niezale\u017cnego sektora vape, napisa\u0142 w zesz\u0142ym roku, wzywaj\u0105c Trumpa do &#8222;przej\u015bcia&#8221; dla bran\u017cy. W tym tygodniu <a href=\"https:\/\/x.com\/LanceChurchill\/status\/1970626476308603250\" rel=\"nofollow\">napisa\u0142<\/a>: &#8222;Min\u0105\u0142 ponad rok, odk\u0105d obieca\u0142e\u015b uratowa\u0107 aromatyzowane waporyzatory<a href=\"https:\/\/x.com\/POTUS\" rel=\"nofollow\"> @POTUS<\/a>, a ameryka\u0144ski niezale\u017cny przemys\u0142 waporyzacyjny jest mia\u017cd\u017cony&#8230;&#8221;. <\/p>\n\n<p>Poniewa\u017c miliony doros\u0142ych Amerykan\u00f3w u\u017cywaj\u0105 produkt\u00f3w do waporyzacji, bran\u017ca uwa\u017cnie obserwuje rozw\u00f3j polityki administracji.<\/p>\n<div class=\"clear-after-content-2\" style=\"margin-top: 20px;margin-bottom: 20px;margin-left: auto;margin-right: auto;text-align: center;\" id=\"clear-2776382930\"><img src=\"https:\/\/clearingtheair.eu\/wp-content\/uploads\/2026\/04\/caafc5c68900198b80aee12c11b50184.avif\" alt=\"\"   style=\"display: inline-block;\" \/><\/div>","protected":false},"excerpt":{"rendered":"<p>Zobowi\u0105zanie prezydenta Donalda Trumpa do &#8222;ratowania vapingu&#8221; spotyka si\u0119 z krytyk\u0105 ze strony vaper\u00f3w i zwolennik\u00f3w redukcji szk\u00f3d, kt\u00f3rzy twierdz\u0105, \u017ce jego administracja zamiast tego nadzorowa\u0142a rozpraw\u0119 z produktami, kt\u00f3re obieca\u0142 chroni\u0107. We wrze\u015bniu 2024 r. Trump napisa\u0142 na swojej platformie Truth&hellip;<\/p>\n","protected":false},"author":990005,"featured_media":26790,"comment_status":"open","ping_status":"open","sticky":false,"template":"","format":"standard","meta":{"footnotes":""},"categories":[286],"tags":[],"slider":[],"class_list":["post-26793","post","type-post","status-publish","format-standard","has-post-thumbnail","hentry","category-aktualnosci"],"_links":{"self":[{"href":"https:\/\/clearingtheair.eu\/pl\/wp-json\/wp\/v2\/posts\/26793","targetHints":{"allow":["GET"]}}],"collection":[{"href":"https:\/\/clearingtheair.eu\/pl\/wp-json\/wp\/v2\/posts"}],"about":[{"href":"https:\/\/clearingtheair.eu\/pl\/wp-json\/wp\/v2\/types\/post"}],"author":[{"embeddable":true,"href":"https:\/\/clearingtheair.eu\/pl\/wp-json\/wp\/v2\/users\/990005"}],"replies":[{"embeddable":true,"href":"https:\/\/clearingtheair.eu\/pl\/wp-json\/wp\/v2\/comments?post=26793"}],"version-history":[{"count":1,"href":"https:\/\/clearingtheair.eu\/pl\/wp-json\/wp\/v2\/posts\/26793\/revisions"}],"predecessor-version":[{"id":26794,"href":"https:\/\/clearingtheair.eu\/pl\/wp-json\/wp\/v2\/posts\/26793\/revisions\/26794"}],"wp:featuredmedia":[{"embeddable":true,"href":"https:\/\/clearingtheair.eu\/pl\/wp-json\/wp\/v2\/media\/26790"}],"wp:attachment":[{"href":"https:\/\/clearingtheair.eu\/pl\/wp-json\/wp\/v2\/media?parent=26793"}],"wp:term":[{"taxonomy":"category","embeddable":true,"href":"https:\/\/clearingtheair.eu\/pl\/wp-json\/wp\/v2\/categories?post=26793"},{"taxonomy":"post_tag","embeddable":true,"href":"https:\/\/clearingtheair.eu\/pl\/wp-json\/wp\/v2\/tags?post=26793"},{"taxonomy":"slider","embeddable":true,"href":"https:\/\/clearingtheair.eu\/pl\/wp-json\/wp\/v2\/slider?post=26793"}],"curies":[{"name":"wp","href":"https:\/\/api.w.org\/{rel}","templated":true}]}}