{"id":30557,"date":"2025-11-11T11:54:24","date_gmt":"2025-11-11T11:54:24","guid":{"rendered":"https:\/\/clearingtheair.eu\/post\/francuscy-parlamentarzysci-kwestionuja-zakaz-woreczkow-z-nikotyna-w-nowej-bitwie-budzetowej\/"},"modified":"2025-11-11T11:54:50","modified_gmt":"2025-11-11T11:54:50","slug":"francuscy-parlamentarzysci-kwestionuja-zakaz-woreczkow-z-nikotyna-w-nowej-bitwie-budzetowej","status":"publish","type":"post","link":"https:\/\/clearingtheair.eu\/pl\/post\/francuscy-parlamentarzysci-kwestionuja-zakaz-woreczkow-z-nikotyna-w-nowej-bitwie-budzetowej\/","title":{"rendered":"Francuscy parlamentarzy\u015bci kwestionuj\u0105 zakaz woreczk\u00f3w z nikotyn\u0105 w nowej bitwie bud\u017cetowej"},"content":{"rendered":"<div class=\"clear-before-content-2\" style=\"margin-top: 20px;margin-bottom: 20px;margin-left: auto;margin-right: auto;text-align: center;\" id=\"clear-1878936543\"><img src=\"https:\/\/clearingtheair.eu\/wp-content\/uploads\/2026\/04\/caafc5c68900198b80aee12c11b50184.avif\" alt=\"\"   style=\"display: inline-block;\" \/><\/div>\n<p><strong>Planowany we Francji zakaz stosowania saszetek z nikotyn\u0105 od wiosny przysz\u0142ego roku mo\u017ce by\u0107 zagro\u017cony po tym, jak w Zgromadzeniu Narodowym zg\u0142oszono szereg poprawek maj\u0105cych na celu z\u0142agodzenie lub zast\u0105pienie tego \u015brodka.<\/strong><\/p>\n\n<p>Zakaz, kt\u00f3ry ma wej\u015b\u0107 w \u017cycie w marcu 2026 r., jest cz\u0119\u015bci\u0105 rz\u0105dowego projektu ustawy bud\u017cetowej na 2026 r. (Projet de loi de finances 2026). \u015arodek, opublikowany w formie dekretu we wrze\u015bniu, zakaza\u0142by produkcji, importu, sprzeda\u017cy, posiadania i u\u017cywania wszystkich doustnych produkt\u00f3w nikotynowych, kt\u00f3re nie s\u0105 zatwierdzone jako leki. <\/p>\n\n<p>Zgodnie z francuskim kodeksem zdrowia publicznego, osobom przy\u0142apanym na posiadaniu lub u\u017cywaniu takich produkt\u00f3w mo\u017ce grozi\u0107 do pi\u0119ciu lat wi\u0119zienia i grzywny w wysoko\u015bci do 375 000 euro &#8211; kary surowsze ni\u017c te za osobiste u\u017cywanie narkotyk\u00f3w, takich jak kokaina lub heroina, kt\u00f3re wi\u0105\u017c\u0105 si\u0119 z maksymalnym wyrokiem jednego roku i grzywn\u0105 w wysoko\u015bci 3750 euro. Egzekwowanie przepis\u00f3w nale\u017ca\u0142oby do funkcjonariuszy celnych, agencji ochrony konsument\u00f3w i policji. <\/p>\n\n<p>Proponowany zakaz wywo\u0142a\u0142 jednak znaczny op\u00f3r &#8211; nie tylko ze strony konsument\u00f3w i zwolennik\u00f3w redukcji szk\u00f3d, ale teraz tak\u017ce ze strony samego parlamentu.<\/p>\n\n<h3 class=\"wp-block-heading\"><strong>Ustawodawcy kwestionuj\u0105 zakaz<\/strong><\/h3>\n\n<p>Kilku pos\u0142\u00f3w z\u0142o\u017cy\u0142o poprawki, kt\u00f3re podwa\u017cy\u0142yby rz\u0105dowy plan, zast\u0119puj\u0105c ca\u0142kowity zakaz modelem regulacyjnym i podatkowym. Najbardziej godna uwagi <a href=\"https:\/\/www.assemblee-nationale.fr\/dyn\/17\/amendements\/1906A\/CION_FIN\/CF935.pdf\" rel=\"nofollow noopener\" target=\"_blank\">poprawka I-CF935<\/a> zosta\u0142a z\u0142o\u017cona przez Ludovica Mend\u00e8sa i Philippe&#8217;a Gosselina. <\/p>\n\n<p>Zamiast kryminalizowa\u0107 u\u017cytkownik\u00f3w i sprzedawc\u00f3w detalicznych, ich propozycja utrzyma\u0142aby woreczki legalne, ale regulowane, podlegaj\u0105ce akcyzie &#8211; 22 euro za kilogram od marca 2026 r., wzrastaj\u0105cej do 44 euro w 2027 r. i 66 euro w 2028 r.  <\/p>\n\n<p>Tekst definiuje saszetki z nikotyn\u0105 jako &#8222;produkty prezentowane w saszetkach-porcjach lub saszetkach poreux&#8230; zawieraj\u0105ce nikotyn\u0119, ale bez tytoniu&#8221; i argumentuje, \u017ce regulacja oferuje bezpieczniejsz\u0105, bardziej realistyczn\u0105 alternatyw\u0119 dla zakazu.<\/p>\n\n<p>Chocia\u017c poprawka jest obecnie wymieniona jako &#8222;non soutenu&#8221; (nie zosta\u0142a jeszcze poparta ani przyj\u0119ta), stanowi ona pierwszy zorganizowany wysi\u0142ek parlamentarny maj\u0105cy na celu z\u0142agodzenie twardego stanowiska rz\u0105du. Jej pojawienie si\u0119 sugeruje r\u00f3wnie\u017c, \u017ce proponowany zakaz &#8211; kt\u00f3ry zdaniem krytyk\u00f3w narusza unijne przepisy dotycz\u0105ce swobodnego przemieszczania si\u0119 i mo\u017ce stanowi\u0107 przest\u0119pstwo dla konsument\u00f3w &#8211; nie jest ju\u017c gwarantowany. <\/p>\n\n<h3 class=\"wp-block-heading\"><strong>Podatek od vape odrzucony<\/strong><\/h3>\n\n<p>Debata na temat nikotyny doustnej odbywa si\u0119 w momencie, gdy pos\u0142owie podj\u0119li ju\u017c kroki w celu ochrony waporyzacji przed nowymi \u015brodkami fiskalnymi. W dniu 22 pa\u017adziernika Komisja Finans\u00f3w Zgromadzenia Narodowego <a href=\"https:\/\/www.lemondedutabac.com\/parlement-la-fiscalite-sur-le-vapotage-reduite-a-zero-et-les-sachets-de-nicotine-reviennent-en-debat\/\" rel=\"nofollow noopener\" target=\"_blank\">odrzuci\u0142a proponowany podatek<\/a> od p\u0142yn\u00f3w do waporyzacji, utrzymuj\u0105c francuski podatek od waporyzacji na zerowym poziomie do 2026 roku.   <\/p>\n\n<p>Decyzja ta by\u0142a postrzegana jako zwyci\u0119stwo zwolennik\u00f3w redukcji szk\u00f3d, kt\u00f3rzy twierdz\u0105, \u017ce przyst\u0119pno\u015b\u0107 cenowa jest kluczem do pomocy palaczom w przej\u015bciu na bezpieczniejsze alternatywy.  <\/p>\n\n<h3 class=\"wp-block-heading\"><strong>Co b\u0119dzie dalej<\/strong><\/h3>\n\n<p><a href=\"https:\/\/www.assemblee-nationale.fr\/dyn\/actualites-accueil-hub\/projet-de-loi-de-finances-pour-2026-suite-de-l-examen-de-la-1ere-partie\" rel=\"nofollow noopener\" target=\"_blank\">Debata bud\u017cetowa<\/a> zostanie wznowiona 13 listopada, a uroczyste g\u0142osowanie nad pierwsz\u0105 cz\u0119\u015bci\u0105 ustawy zaplanowano na 17 listopada o godzinie 15:00.  <\/p>\n\n<p>Wszelkie zmiany dotycz\u0105ce zakazu woreczk\u00f3w z nikotyn\u0105 lub przepis\u00f3w dotycz\u0105cych waporyzacji b\u0119d\u0105 musia\u0142y zosta\u0107 potwierdzone w tym g\u0142osowaniu lub p\u00f3\u017aniej podczas negocjacji w Senacie przed ostatecznym przyj\u0119ciem w grudniu.<\/p>\n<div class=\"clear-after-content-2\" style=\"margin-top: 20px;margin-bottom: 20px;margin-left: auto;margin-right: auto;text-align: center;\" id=\"clear-405965214\"><img src=\"https:\/\/clearingtheair.eu\/wp-content\/uploads\/2026\/04\/caafc5c68900198b80aee12c11b50184.avif\" alt=\"\"   style=\"display: inline-block;\" \/><\/div>","protected":false},"excerpt":{"rendered":"<p>Planowany we Francji zakaz stosowania saszetek z nikotyn\u0105 od wiosny przysz\u0142ego roku mo\u017ce by\u0107 zagro\u017cony po tym, jak w Zgromadzeniu Narodowym zg\u0142oszono szereg poprawek maj\u0105cych na celu z\u0142agodzenie lub zast\u0105pienie tego \u015brodka. Zakaz, kt\u00f3ry ma wej\u015b\u0107 w \u017cycie w marcu 2026 r.,&hellip;<\/p>\n","protected":false},"author":990005,"featured_media":0,"comment_status":"open","ping_status":"open","sticky":false,"template":"","format":"standard","meta":{"footnotes":""},"categories":[286],"tags":[447,370,446],"slider":[],"class_list":["post-30557","post","type-post","status-publish","format-standard","hentry","category-aktualnosci","tag-francja","tag-nikotyna","tag-redukcja-szkod"],"_links":{"self":[{"href":"https:\/\/clearingtheair.eu\/pl\/wp-json\/wp\/v2\/posts\/30557","targetHints":{"allow":["GET"]}}],"collection":[{"href":"https:\/\/clearingtheair.eu\/pl\/wp-json\/wp\/v2\/posts"}],"about":[{"href":"https:\/\/clearingtheair.eu\/pl\/wp-json\/wp\/v2\/types\/post"}],"author":[{"embeddable":true,"href":"https:\/\/clearingtheair.eu\/pl\/wp-json\/wp\/v2\/users\/990005"}],"replies":[{"embeddable":true,"href":"https:\/\/clearingtheair.eu\/pl\/wp-json\/wp\/v2\/comments?post=30557"}],"version-history":[{"count":1,"href":"https:\/\/clearingtheair.eu\/pl\/wp-json\/wp\/v2\/posts\/30557\/revisions"}],"predecessor-version":[{"id":30561,"href":"https:\/\/clearingtheair.eu\/pl\/wp-json\/wp\/v2\/posts\/30557\/revisions\/30561"}],"wp:attachment":[{"href":"https:\/\/clearingtheair.eu\/pl\/wp-json\/wp\/v2\/media?parent=30557"}],"wp:term":[{"taxonomy":"category","embeddable":true,"href":"https:\/\/clearingtheair.eu\/pl\/wp-json\/wp\/v2\/categories?post=30557"},{"taxonomy":"post_tag","embeddable":true,"href":"https:\/\/clearingtheair.eu\/pl\/wp-json\/wp\/v2\/tags?post=30557"},{"taxonomy":"slider","embeddable":true,"href":"https:\/\/clearingtheair.eu\/pl\/wp-json\/wp\/v2\/slider?post=30557"}],"curies":[{"name":"wp","href":"https:\/\/api.w.org\/{rel}","templated":true}]}}