{"id":32856,"date":"2026-01-08T15:38:04","date_gmt":"2026-01-08T15:38:04","guid":{"rendered":"https:\/\/clearingtheair.eu\/post\/belgia-przechwytuje-140-000-nielegalnych-jednorazowych-waporyzatorow-po-wprowadzeniu-zakazu-sprzedazy\/"},"modified":"2026-01-08T15:38:26","modified_gmt":"2026-01-08T15:38:26","slug":"belgia-przechwytuje-140-000-nielegalnych-jednorazowych-waporyzatorow-po-wprowadzeniu-zakazu-sprzedazy","status":"publish","type":"post","link":"https:\/\/clearingtheair.eu\/pl\/post\/belgia-przechwytuje-140-000-nielegalnych-jednorazowych-waporyzatorow-po-wprowadzeniu-zakazu-sprzedazy\/","title":{"rendered":"Belgia przechwytuje 140 000 nielegalnych jednorazowych waporyzator\u00f3w po wprowadzeniu zakazu sprzeda\u017cy"},"content":{"rendered":"\n<p><strong>Belgia skonfiskowa\u0142a ponad 140 000 jednorazowych vape od pocz\u0105tku 2025 r., po wprowadzeniu og\u00f3lnokrajowego zakazu ich sprzeda\u017cy, kt\u00f3ry wszed\u0142 w \u017cycie 1 stycznia.<\/strong><\/p>\n\n<p>Belgijska Federalna S\u0142u\u017cba Zdrowia Publicznego poinformowa\u0142a, \u017ce do tej pory w tym roku skonfiskowa\u0142a 140 019 jednorazowych vape&#8217;\u00f3w, poniewa\u017c inspektorzy zintensyfikowali kontrole w punktach sprzeda\u017cy detalicznej i u sprzedawc\u00f3w internetowych. Zakaz dotyczy sprzeda\u017cy waporyzator\u00f3w jednorazowego u\u017cytku, niezale\u017cnie od zawarto\u015bci nikotyny. <\/p>\n\n<h3 class=\"wp-block-heading\"><strong>Egzekwowanie przepis\u00f3w po styczniowym zakazie<\/strong><\/h3>\n\n<p>Wed\u0142ug Belga News Agency, inspektorzy usun\u0119li z rynku &#8222;znaczn\u0105 ilo\u015b\u0107&#8221; nielegalnych produkt\u00f3w od czasu wej\u015bcia w \u017cycie zakazu.<\/p>\n\n<p>Od stycznia z\u0142o\u017cono prawie 600 oficjalnych raport\u00f3w, a 18 sklep\u00f3w zosta\u0142o tymczasowo zamkni\u0119tych. W\u0142adze przeprowadzi\u0142y prawie 2400 inspekcji w sklepach dziennych i nocnych, kioskach, stacjach benzynowych, supermarketach i sklepach internetowych, a nielegalne jednorazowe vape znaleziono w 680 przypadkach. <\/p>\n\n<p>Zgodnie z belgijskim prawem, grzywny za sprzeda\u017c jednorazowych vape&#8217;\u00f3w mog\u0105 si\u0119ga\u0107 120 000 euro, cho\u0107 inspektorzy twierdz\u0105, \u017ce w praktyce kary wahaj\u0105 si\u0119 zwykle od 800 do 1000 euro. Jako sankcj\u0119 stosuje si\u0119 r\u00f3wnie\u017c tymczasowe zamkni\u0119cie sklepu. <\/p>\n\n<h3 class=\"wp-block-heading\"><strong>Regionalne r\u00f3\u017cnice w przestrzeganiu przepis\u00f3w<\/strong><\/h3>\n\n<p>Dane dotycz\u0105ce egzekwowania przepis\u00f3w pokazuj\u0105 znaczne zr\u00f3\u017cnicowanie regionalne. Bruksela odnotowa\u0142a najwy\u017cszy wska\u017anik narusze\u0144, z nielegalnymi jednorazowymi vape&#8217;ami wykrytymi w prawie 60 procentach inspekcji. <\/p>\n\n<p>We Flandrii oko\u0142o jeden na pi\u0119\u0107 skontrolowanych sklep\u00f3w sprzedawa\u0142 nielegalnie jednorazowe waporyzatory, co doprowadzi\u0142o do zamkni\u0119cia kilku sklep\u00f3w w ca\u0142ym regionie. W\u0142adze nie opublikowa\u0142y jeszcze por\u00f3wnywalnych danych dla Walonii. <\/p>\n\n<p>Liczby te podkre\u015blaj\u0105 skal\u0119 wyzwa\u0144 zwi\u0105zanych z egzekwowaniem zakazu, szczeg\u00f3lnie na obszarach miejskich i w lokalizacjach o du\u017cym zag\u0119szczeniu handlu detalicznego.<\/p>\n\n<h3 class=\"wp-block-heading\"><strong>Cz\u0119\u015b\u0107 szerszej rozprawy z wapowaniem<\/strong><\/h3>\n\n<p>Jednorazowy zakaz waporyzacji jest jednym z element\u00f3w <a href=\"https:\/\/clearingtheair.eu\/en\/post\/belgium-plans-sweeping-vape-flavour-ban-amid-policy-gridlock\/\">szerszej zmiany w belgijskiej polityce dotycz\u0105cej waporyzacji<\/a>. Kraj potwierdzi\u0142 r\u00f3wnie\u017c, \u017ce palenie i wapowanie zostanie <a href=\"https:\/\/clearingtheair.eu\/en\/post\/belgium-confirms-outdoor-smoking-and-vaping-ban-from-2027\/\">zakazane na tarasach restauracji i kawiarni<\/a> oraz w wyznaczonych palarniach od 1 stycznia 2027 r., Po tym, jak \u015brodek zosta\u0142 op\u00f3\u017aniony o rok, aby da\u0107 firmom wi\u0119cej czasu na dostosowanie si\u0119. <\/p>\n\n<p>Rz\u0105d federalny przygotowuje r\u00f3wnie\u017c przepisy zakazuj\u0105ce wszystkich smak\u00f3w vape z wyj\u0105tkiem tytoniu, zgodnie z zaktualizowanymi zaleceniami Superior Health Council.<\/p>\n\n<p>Minister zdrowia Frank Vandenbroucke argumentowa\u0142, \u017ce potrzebne s\u0105 bardziej rygorystyczne kontrole, aby rozwi\u0105za\u0107 problem wapowania w\u015br\u00f3d m\u0142odzie\u017cy. Przemawiaj\u0105c na szczycie POLITICO Health Care Summit, oskar\u017cy\u0142 on sektor vape o celowe kierowanie go do nieletnich, nazywaj\u0105c go &#8222;przemys\u0142em przest\u0119pczym&#8221; i powiedzia\u0142, \u017ce aromaty s\u0105 zaprojektowane tak, aby &#8222;przyci\u0105ga\u0107 dzieci i ukrywa\u0107 szkodliwo\u015b\u0107&#8221; produkt\u00f3w vaping. <\/p>\n\n<p>Belgijscy urz\u0119dnicy cz\u0119sto wskazuj\u0105 na Holandi\u0119, kt\u00f3ra w 2024 r. wprowadzi\u0142a polityk\u0119 dotycz\u0105c\u0105 wy\u0142\u0105cznie smaku tytoniu, jako model ograniczania spo\u017cycia przez m\u0142odzie\u017c, chocia\u017c szczeg\u00f3\u0142owe dane dotycz\u0105ce wynik\u00f3w nie zosta\u0142y opublikowane.<\/p>\n\n<h3 class=\"wp-block-heading\"><strong>Obawy dotycz\u0105ce niezamierzonych konsekwencji<\/strong><\/h3>\n\n<p>Wzrost egzekwowania przepis\u00f3w nast\u0119puje w obliczu rosn\u0105cej kontroli nad tym, jak zakazy wapowania dzia\u0142aj\u0105 w praktyce. Na pocz\u0105tku tego roku dochodzenie VRT Pano wykaza\u0142o, \u017ce belgijski zakaz jednorazowego wapowania zepchn\u0105\u0142 cz\u0119\u015b\u0107 rynku do podziemia, a nieuregulowane urz\u0105dzenia cz\u0119\u015bciej zawieraj\u0105 p\u0142yny THC lub syntetyczne kannabinoidy. <\/p>\n\n<p>Pomimo zakazu, jednorazowe waporyzatory okaza\u0142y si\u0119 by\u0107 szeroko dost\u0119pne w szko\u0142ach \u015brednich, co rodzi pytania o mo\u017cliwo\u015bci egzekwowania prawa i bezpiecze\u0144stwo produktu na nielegalnym rynku.<\/p>\n\n<p>Sprzedawcy detaliczni r\u00f3wnie\u017c ostrzegaj\u0105 przed efektem domina. Organizacja Perstablo, kt\u00f3ra reprezentuje sklepy z pras\u0105, tytoniem i grami, okre\u015bli\u0142a proponowany zakaz aromat\u00f3w jako &#8222;absurdalny \u015brodek o katastrofalnych konsekwencjach&#8221;, argumentuj\u0105c, \u017ce grozi to odci\u0105gni\u0119ciem konsument\u00f3w od produkt\u00f3w obj\u0119tych regulacjami i skierowaniem ich w stron\u0119 nielegalnych sprzedawc\u00f3w. <\/p>\n","protected":false},"excerpt":{"rendered":"<p>Belgia skonfiskowa\u0142a ponad 140 000 jednorazowych vape od pocz\u0105tku 2025 r., po wprowadzeniu og\u00f3lnokrajowego zakazu ich sprzeda\u017cy, kt\u00f3ry wszed\u0142 w \u017cycie 1 stycznia. Belgijska Federalna S\u0142u\u017cba Zdrowia Publicznego poinformowa\u0142a, \u017ce do tej pory w tym roku skonfiskowa\u0142a 140 019 jednorazowych vape&#8217;\u00f3w, poniewa\u017c&hellip;<\/p>\n","protected":false},"author":990005,"featured_media":32834,"comment_status":"open","ping_status":"open","sticky":false,"template":"","format":"standard","meta":{"footnotes":""},"categories":[286],"tags":[429,521,370,445],"slider":[],"class_list":["post-32856","post","type-post","status-publish","format-standard","has-post-thumbnail","hentry","category-aktualnosci","tag-belgia","tag-holandia","tag-nikotyna","tag-wiadomosci"],"_links":{"self":[{"href":"https:\/\/clearingtheair.eu\/pl\/wp-json\/wp\/v2\/posts\/32856","targetHints":{"allow":["GET"]}}],"collection":[{"href":"https:\/\/clearingtheair.eu\/pl\/wp-json\/wp\/v2\/posts"}],"about":[{"href":"https:\/\/clearingtheair.eu\/pl\/wp-json\/wp\/v2\/types\/post"}],"author":[{"embeddable":true,"href":"https:\/\/clearingtheair.eu\/pl\/wp-json\/wp\/v2\/users\/990005"}],"replies":[{"embeddable":true,"href":"https:\/\/clearingtheair.eu\/pl\/wp-json\/wp\/v2\/comments?post=32856"}],"version-history":[{"count":1,"href":"https:\/\/clearingtheair.eu\/pl\/wp-json\/wp\/v2\/posts\/32856\/revisions"}],"predecessor-version":[{"id":32862,"href":"https:\/\/clearingtheair.eu\/pl\/wp-json\/wp\/v2\/posts\/32856\/revisions\/32862"}],"wp:featuredmedia":[{"embeddable":true,"href":"https:\/\/clearingtheair.eu\/pl\/wp-json\/wp\/v2\/media\/32834"}],"wp:attachment":[{"href":"https:\/\/clearingtheair.eu\/pl\/wp-json\/wp\/v2\/media?parent=32856"}],"wp:term":[{"taxonomy":"category","embeddable":true,"href":"https:\/\/clearingtheair.eu\/pl\/wp-json\/wp\/v2\/categories?post=32856"},{"taxonomy":"post_tag","embeddable":true,"href":"https:\/\/clearingtheair.eu\/pl\/wp-json\/wp\/v2\/tags?post=32856"},{"taxonomy":"slider","embeddable":true,"href":"https:\/\/clearingtheair.eu\/pl\/wp-json\/wp\/v2\/slider?post=32856"}],"curies":[{"name":"wp","href":"https:\/\/api.w.org\/{rel}","templated":true}]}}