{"id":33278,"date":"2026-01-21T13:46:46","date_gmt":"2026-01-21T13:46:46","guid":{"rendered":"https:\/\/clearingtheair.eu\/post\/jeden-na-czterech-vaperow-twierdzi-ze-wrocilby-do-palenia-na-mocy-proponowanego-francuskiego-prawa\/"},"modified":"2026-01-21T13:47:19","modified_gmt":"2026-01-21T13:47:19","slug":"jeden-na-czterech-vaperow-twierdzi-ze-wrocilby-do-palenia-na-mocy-proponowanego-francuskiego-prawa","status":"publish","type":"post","link":"https:\/\/clearingtheair.eu\/pl\/post\/jeden-na-czterech-vaperow-twierdzi-ze-wrocilby-do-palenia-na-mocy-proponowanego-francuskiego-prawa\/","title":{"rendered":"Jeden na czterech vaper\u00f3w twierdzi, \u017ce wr\u00f3ci\u0142by do palenia na mocy proponowanego francuskiego prawa"},"content":{"rendered":"<div class=\"clear-before-content-2\" style=\"margin-top: 20px;margin-bottom: 20px;margin-left: auto;margin-right: auto;text-align: center;\" id=\"clear-2351859476\"><img src=\"https:\/\/clearingtheair.eu\/wp-content\/uploads\/2026\/04\/caafc5c68900198b80aee12c11b50184.avif\" alt=\"\"   style=\"display: inline-block;\" \/><\/div>\n<p><strong>Jedna czwarta vaper\u00f3w we Francji twierdzi, \u017ce wr\u00f3ci\u0142aby do palenia, gdyby proponowane ograniczenia na mocy art. 23 projektu ustawy bud\u017cetowej na 2026 r. zosta\u0142y wprowadzone w \u017cycie, wynika z nowego badania.<\/strong><\/p>\n\n<p><a href=\"https:\/\/fivape.org\/en\/sondage-opinionway-sur-le-vapotage-en-france-alerte-sur-les-consequences-destructrices-dune-assimilation-au-tabac\/\" rel=\"nofollow noopener\" target=\"_blank\">Nowe badanie<\/a> przeprowadzone przez OpinionWay dla FIVAPE ujawnia, \u017ce os\u0142abienie dost\u0119pu do waporyzacji grozi odwr\u00f3ceniem wieloletnich post\u0119p\u00f3w w ograniczaniu palenia. W\u015br\u00f3d os\u00f3b w wieku od 18 do 34 lat odsetek os\u00f3b, kt\u00f3re twierdz\u0105, \u017ce wr\u00f3ci\u0142yby do palenia, wzr\u00f3s\u0142 do 31%. <\/p>\n\n<p>Francja nadal ma prawie 14 milion\u00f3w palaczy, w tym oko\u0142o 10 milion\u00f3w codziennych palaczy, a tyto\u0144 pozostaje g\u0142\u00f3wn\u0105 przyczyn\u0105 \u015bmierci, kt\u00f3rej mo\u017cna zapobiec. W tym kontek\u015bcie badanie sugeruje, \u017ce \u015brodki maj\u0105ce na celu ograniczenie wapowania mog\u0105 mie\u0107 niezamierzone i szkodliwe konsekwencje. <\/p>\n\n<h3 class=\"wp-block-heading\"><strong>Rola vapingu w rzucaniu palenia<\/strong><\/h3>\n\n<p>Dane podkre\u015blaj\u0105 miejsce vapingu w d\u0142ugoterminowym spadku palenia we Francji. Pi\u0119\u0107dziesi\u0105t dwa procent codziennych vaper\u00f3w ju\u017c nie pali, co stanowi prawie dwa miliony os\u00f3b, podczas gdy 36 procent by\u0142ych vaper\u00f3w r\u00f3wnie\u017c rzuci\u0142o palenie, co stanowi ponad milion os\u00f3b.   <\/p>\n\n<p>\u0141\u0105cznie co najmniej trzy miliony os\u00f3b we Francji rzuci\u0142o palenie dzi\u0119ki wapowaniu, zar\u00f3wno obecnie, jak i w przesz\u0142o\u015bci.  <\/p>\n\n<p>Vaping jest cz\u0119sto stosowany wraz z innymi narz\u0119dziami rzucania palenia. Jeden na czterech codziennych vaper\u00f3w korzysta r\u00f3wnie\u017c z nikotynowych terapii zast\u0119pczych sprzedawanych w aptekach, zazwyczaj przy wsparciu pracownik\u00f3w s\u0142u\u017cby zdrowia, co wskazuje na rol\u0119 vapingu w szerszych strategiach rzucania palenia, a nie jako samodzielnego nawyku. <\/p>\n\n<h3 class=\"wp-block-heading\"><strong>Artyku\u0142 23 i ryzyko nawrotu<\/strong><\/h3>\n\n<p>W ankiecie zbadano, w jaki spos\u00f3b vaperzy mogliby zareagowa\u0107 na kilka \u015brodk\u00f3w zwi\u0105zanych z art. 23, w tym opodatkowanie, ograniczenia sprzeda\u017cy detalicznej i ograniczenia dost\u0119pu do produkt\u00f3w.  <\/p>\n\n<p>A\u017c 19 procent vaper\u00f3w stwierdzi\u0142o, \u017ce opodatkowanie e-liquid\u00f3w mog\u0142oby sk\u0142oni\u0107 ich do powrotu do palenia papieros\u00f3w, a w\u015br\u00f3d os\u00f3b \u0142\u0105cz\u0105cych wapowanie z nikotynowymi terapiami zast\u0119pczymi odsetek ten wzr\u00f3s\u0142 do 23 procent.<\/p>\n\n<p>Ograniczenia w dost\u0119pie wydaj\u0105 si\u0119 stanowi\u0107 jeszcze wi\u0119ksze zagro\u017cenie. Gdyby specjalistyczne sklepy vape zosta\u0142y zmuszone do zamkni\u0119cia, 23 procent vaper\u00f3w stwierdzi\u0142o, \u017ce wr\u00f3ci\u0142oby do palenia. W\u015br\u00f3d m\u0142odych doros\u0142ych w wieku od 18 do 34 lat liczba ta wzrasta do 31 procent. Ponad jedna czwarta os\u00f3b korzystaj\u0105cych wy\u0142\u0105cznie z waporyzacji stwierdzi\u0142a, \u017ce zamiast tego zwr\u00f3ci\u0142aby si\u0119 w stron\u0119 nielegalnych rynk\u00f3w.   <\/p>\n\n<p>Ustawa mo\u017ce r\u00f3wnie\u017c utorowa\u0107 drog\u0119 dla ogranicze\u0144 dotycz\u0105cych smak\u00f3w wprowadzonych dekretem. Dwadzie\u015bcia pi\u0119\u0107 procent vaper\u00f3w stwierdzi\u0142o, \u017ce wr\u00f3ciliby do palenia, gdyby smaki zosta\u0142y ograniczone, ponownie wzrastaj\u0105c do 31% w\u015br\u00f3d m\u0142odszych doros\u0142ych. <\/p>\n\n<h3 class=\"wp-block-heading\"><strong>Niezale\u017cni detali\u015bci w centrum uwagi<\/strong><\/h3>\n\n<p>Wyniki bada\u0144 podkre\u015blaj\u0105 r\u00f3wnie\u017c kluczow\u0105 rol\u0119 niezale\u017cnego francuskiego sektora waporyzacji. Prawie o\u015bmiu na dziesi\u0119ciu vaper\u00f3w kupuje swoje produkty od wyspecjalizowanych sprzedawc\u00f3w detalicznych, zar\u00f3wno online, jak i w sklepach fizycznych, a 84% z nich korzysta z urz\u0105dze\u0144 wielokrotnego \u0142adowania, a nie zamkni\u0119tych system\u00f3w. A\u017c 86 procent u\u017cytkownik\u00f3w korzysta z aromat\u00f3w innych ni\u017c tytoniowe, co jest powszechnie uznawane za klucz do skutecznego rzucenia palenia.  <\/p>\n\n<p>FIVAPE argumentuje, \u017ce szeroko zakrojone ograniczenia dotkn\u0119\u0142yby przede wszystkim osoby najbardziej nara\u017cone na nawr\u00f3t palenia, przynosz\u0105c jednocze\u015bnie korzy\u015bci nielegalnym rynkom i wyrobom tytoniowym. Wzywa w\u0142adze publiczne do usuni\u0119cia vapingu z art. 23 i do wprowadzenia regulacji opartych na rzeczywistych danych i celach w zakresie zdrowia publicznego. <\/p>\n<div class=\"clear-after-content-2\" style=\"margin-top: 20px;margin-bottom: 20px;margin-left: auto;margin-right: auto;text-align: center;\" id=\"clear-473085917\"><img src=\"https:\/\/clearingtheair.eu\/wp-content\/uploads\/2026\/04\/caafc5c68900198b80aee12c11b50184.avif\" alt=\"\"   style=\"display: inline-block;\" \/><\/div>","protected":false},"excerpt":{"rendered":"<p>Jedna czwarta vaper\u00f3w we Francji twierdzi, \u017ce wr\u00f3ci\u0142aby do palenia, gdyby proponowane ograniczenia na mocy art. 23 projektu ustawy bud\u017cetowej na 2026 r. zosta\u0142y wprowadzone w \u017cycie, wynika z nowego badania. Nowe badanie przeprowadzone przez OpinionWay dla FIVAPE ujawnia, \u017ce os\u0142abienie dost\u0119pu&hellip;<\/p>\n","protected":false},"author":990005,"featured_media":33261,"comment_status":"open","ping_status":"open","sticky":false,"template":"","format":"standard","meta":{"footnotes":""},"categories":[286],"tags":[424,447,370],"slider":[],"class_list":["post-33278","post","type-post","status-publish","format-standard","has-post-thumbnail","hentry","category-aktualnosci","tag-artykul","tag-francja","tag-nikotyna"],"_links":{"self":[{"href":"https:\/\/clearingtheair.eu\/pl\/wp-json\/wp\/v2\/posts\/33278","targetHints":{"allow":["GET"]}}],"collection":[{"href":"https:\/\/clearingtheair.eu\/pl\/wp-json\/wp\/v2\/posts"}],"about":[{"href":"https:\/\/clearingtheair.eu\/pl\/wp-json\/wp\/v2\/types\/post"}],"author":[{"embeddable":true,"href":"https:\/\/clearingtheair.eu\/pl\/wp-json\/wp\/v2\/users\/990005"}],"replies":[{"embeddable":true,"href":"https:\/\/clearingtheair.eu\/pl\/wp-json\/wp\/v2\/comments?post=33278"}],"version-history":[{"count":1,"href":"https:\/\/clearingtheair.eu\/pl\/wp-json\/wp\/v2\/posts\/33278\/revisions"}],"predecessor-version":[{"id":33284,"href":"https:\/\/clearingtheair.eu\/pl\/wp-json\/wp\/v2\/posts\/33278\/revisions\/33284"}],"wp:featuredmedia":[{"embeddable":true,"href":"https:\/\/clearingtheair.eu\/pl\/wp-json\/wp\/v2\/media\/33261"}],"wp:attachment":[{"href":"https:\/\/clearingtheair.eu\/pl\/wp-json\/wp\/v2\/media?parent=33278"}],"wp:term":[{"taxonomy":"category","embeddable":true,"href":"https:\/\/clearingtheair.eu\/pl\/wp-json\/wp\/v2\/categories?post=33278"},{"taxonomy":"post_tag","embeddable":true,"href":"https:\/\/clearingtheair.eu\/pl\/wp-json\/wp\/v2\/tags?post=33278"},{"taxonomy":"slider","embeddable":true,"href":"https:\/\/clearingtheair.eu\/pl\/wp-json\/wp\/v2\/slider?post=33278"}],"curies":[{"name":"wp","href":"https:\/\/api.w.org\/{rel}","templated":true}]}}