{"id":33445,"date":"2026-01-27T11:03:00","date_gmt":"2026-01-27T11:03:00","guid":{"rendered":"https:\/\/clearingtheair.eu\/post\/niemcy-wprowadzaja-zakaz-palenia-mentolu-w-ramach-szeroko-zakrojonej-walki-z-dodatkami-chlodzacymi\/"},"modified":"2026-01-27T11:04:22","modified_gmt":"2026-01-27T11:04:22","slug":"niemcy-wprowadzaja-zakaz-palenia-mentolu-w-ramach-szeroko-zakrojonej-walki-z-dodatkami-chlodzacymi","status":"publish","type":"post","link":"https:\/\/clearingtheair.eu\/pl\/post\/niemcy-wprowadzaja-zakaz-palenia-mentolu-w-ramach-szeroko-zakrojonej-walki-z-dodatkami-chlodzacymi\/","title":{"rendered":"Niemcy wprowadzaj\u0105 zakaz palenia mentolu w ramach szeroko zakrojonej walki z dodatkami &#8222;ch\u0142odz\u0105cymi&#8221;"},"content":{"rendered":"<div class=\"clear-before-content-2\" style=\"margin-top: 20px;margin-bottom: 20px;margin-left: auto;margin-right: auto;text-align: center;\" id=\"clear-2639743722\"><img src=\"https:\/\/clearingtheair.eu\/wp-content\/uploads\/2026\/04\/caafc5c68900198b80aee12c11b50184.avif\" alt=\"\"   style=\"display: inline-block;\" \/><\/div>\n<p><strong>Niemcy przygotowuj\u0105 si\u0119 do zdelegalizowania mentolu i d\u0142ugiej listy dodatk\u00f3w &#8222;ch\u0142odz\u0105cych&#8221; stosowanych w e-papierosach, co mo\u017ce sta\u0107 si\u0119 jednym z najostrzejszych ogranicze\u0144 dotycz\u0105cych smaku vape w Europie.<\/strong><\/p>\n\n<p>Projekt rozporz\u0105dzenia Federalnego Ministerstwa Rolnictwa, \u017bywno\u015bci i Spraw Wewn\u0119trznych zakaza\u0142by stosowania mentolu, sukralozy i kilkunastu syntetycznych \u015brodk\u00f3w ch\u0142odz\u0105cych w e-liquidach, argumentuj\u0105c, \u017ce sprawiaj\u0105 one, \u017ce wapowanie jest &#8222;bardziej atrakcyjne&#8221;, \u0142atwiejsze do wdychania i potencjalnie bardziej uzale\u017cniaj\u0105ce &#8211; zw\u0142aszcza dla m\u0142odych ludzi.<\/p>\n\n<p>Rz\u0105dowi eksperci ds. oceny ryzyka z Federalnego Instytutu Oceny Ryzyka (BfR) twierdz\u0105, \u017ce substancje te aktywuj\u0105 receptory wyczuwaj\u0105ce zimno w jamie ustnej i gardle, \u0142agodz\u0105 podra\u017cnienia i t\u0142umi\u0105 kaszel. Argumentuj\u0105, \u017ce mo\u017ce to pozwoli\u0107 u\u017cytkownikom na g\u0142\u0119bsze wdychanie i wch\u0142anianie wi\u0119kszej ilo\u015bci nikotyny. <\/p>\n\n<p>Tylko na tej podstawie &#8211; nawet je\u015bli brakuje bezpo\u015brednich dowod\u00f3w &#8211; ministerstwo powo\u0142uje si\u0119 na &#8222;zasad\u0119 ostro\u017cno\u015bci&#8221;, aby uzasadni\u0107 ca\u0142kowity zakaz.<\/p>\n\n<p>Krytycy zauwa\u017c\u0105, \u017ce mentol jest stosowany od dziesi\u0119cioleci w lekach i produktach konsumenckich, w tym w inhalatorach na przezi\u0119bienia. Sam projekt przyznaje, \u017ce brakuje twardych dowod\u00f3w na zwi\u0119kszone wch\u0142anianie nikotyny przez mentolowe vape. Niemniej jednak urz\u0119dnicy twierdz\u0105, \u017ce &#8222;postrzegana korzy\u015b\u0107 ch\u0142odzenia&#8221; jest wystarczaj\u0105ca, aby uzasadni\u0107 zakaz.  <\/p>\n\n<p>Zakaz mia\u0142by zastosowanie zar\u00f3wno do e-papieros\u00f3w, jak i pojemnik\u00f3w uzupe\u0142niaj\u0105cych, zmuszaj\u0105c producent\u00f3w do zmiany sk\u0142adu produkt\u00f3w lub ca\u0142kowitego wycofania ich z niemieckiego rynku. Ministerstwo szacuje, \u017ce jednorazowy koszt zapewnienia zgodno\u015bci z przepisami wyniesie zaledwie 46 000 euro w ca\u0142ej bran\u017cy &#8211; liczba ta prawdopodobnie zostanie zakwestionowana. <\/p>\n\n<p>Rozporz\u0105dzenie zaostrza r\u00f3wnie\u017c przepisy administracyjne, w tym bardziej rygorystyczne wymagania j\u0119zykowe dotycz\u0105ce opakowa\u0144 i nowe uprawnienia w\u0142adz do \u017c\u0105dania pr\u00f3bek produkt\u00f3w podczas procedur zatwierdzania.<\/p>\n\n<p>Je\u015bli zostan\u0105 przyj\u0119te, wejd\u0105 w \u017cycie sze\u015b\u0107 miesi\u0119cy po ich opublikowaniu.<\/p>\n\n<p>Posuni\u0119cie Niemiec zwi\u0119ksza presj\u0119 na inne kraje UE, kt\u00f3re ju\u017c debatuj\u0105 nad tym, czy &#8222;efekty sensoryczne&#8221; &#8211; a nie tylko smaki &#8211; powinny wystarczy\u0107 do uzasadnienia zakaz\u00f3w. Dla konsument\u00f3w, kt\u00f3rzy przerzucili si\u0119 z palenia na mentolowe waporyzatory, przes\u0142anie jest jasne: dostosuj si\u0119 lub zrezygnuj. <\/p>\n\n<p>Kwesti\u0105 otwart\u0105 pozostaje to, czy zmniejsza to szkodliwo\u015b\u0107, czy po prostu eliminuje popularne alternatywy dla papieros\u00f3w.<\/p>\n<div class=\"clear-after-content-2\" style=\"margin-top: 20px;margin-bottom: 20px;margin-left: auto;margin-right: auto;text-align: center;\" id=\"clear-2544749021\"><img src=\"https:\/\/clearingtheair.eu\/wp-content\/uploads\/2026\/04\/caafc5c68900198b80aee12c11b50184.avif\" alt=\"\"   style=\"display: inline-block;\" \/><\/div>","protected":false},"excerpt":{"rendered":"<p>Niemcy przygotowuj\u0105 si\u0119 do zdelegalizowania mentolu i d\u0142ugiej listy dodatk\u00f3w &#8222;ch\u0142odz\u0105cych&#8221; stosowanych w e-papierosach, co mo\u017ce sta\u0107 si\u0119 jednym z najostrzejszych ogranicze\u0144 dotycz\u0105cych smaku vape w Europie. Projekt rozporz\u0105dzenia Federalnego Ministerstwa Rolnictwa, \u017bywno\u015bci i Spraw Wewn\u0119trznych zakaza\u0142by stosowania mentolu, sukralozy i kilkunastu&hellip;<\/p>\n","protected":false},"author":990003,"featured_media":33432,"comment_status":"open","ping_status":"open","sticky":false,"template":"","format":"standard","meta":{"footnotes":""},"categories":[286],"tags":[456,370],"slider":[],"class_list":["post-33445","post","type-post","status-publish","format-standard","has-post-thumbnail","hentry","category-aktualnosci","tag-niemcy","tag-nikotyna"],"_links":{"self":[{"href":"https:\/\/clearingtheair.eu\/pl\/wp-json\/wp\/v2\/posts\/33445","targetHints":{"allow":["GET"]}}],"collection":[{"href":"https:\/\/clearingtheair.eu\/pl\/wp-json\/wp\/v2\/posts"}],"about":[{"href":"https:\/\/clearingtheair.eu\/pl\/wp-json\/wp\/v2\/types\/post"}],"author":[{"embeddable":true,"href":"https:\/\/clearingtheair.eu\/pl\/wp-json\/wp\/v2\/users\/990003"}],"replies":[{"embeddable":true,"href":"https:\/\/clearingtheair.eu\/pl\/wp-json\/wp\/v2\/comments?post=33445"}],"version-history":[{"count":1,"href":"https:\/\/clearingtheair.eu\/pl\/wp-json\/wp\/v2\/posts\/33445\/revisions"}],"predecessor-version":[{"id":33449,"href":"https:\/\/clearingtheair.eu\/pl\/wp-json\/wp\/v2\/posts\/33445\/revisions\/33449"}],"wp:featuredmedia":[{"embeddable":true,"href":"https:\/\/clearingtheair.eu\/pl\/wp-json\/wp\/v2\/media\/33432"}],"wp:attachment":[{"href":"https:\/\/clearingtheair.eu\/pl\/wp-json\/wp\/v2\/media?parent=33445"}],"wp:term":[{"taxonomy":"category","embeddable":true,"href":"https:\/\/clearingtheair.eu\/pl\/wp-json\/wp\/v2\/categories?post=33445"},{"taxonomy":"post_tag","embeddable":true,"href":"https:\/\/clearingtheair.eu\/pl\/wp-json\/wp\/v2\/tags?post=33445"},{"taxonomy":"slider","embeddable":true,"href":"https:\/\/clearingtheair.eu\/pl\/wp-json\/wp\/v2\/slider?post=33445"}],"curies":[{"name":"wp","href":"https:\/\/api.w.org\/{rel}","templated":true}]}}