{"id":34878,"date":"2026-03-04T10:14:50","date_gmt":"2026-03-04T10:14:50","guid":{"rendered":"https:\/\/clearingtheair.eu\/post\/niemcy-planuja-zakaz-vapeow-mentolowych-zgodnie-z-projektem-przepisow-dotyczacych-srodkow-chlodzacych\/"},"modified":"2026-03-04T10:14:50","modified_gmt":"2026-03-04T10:14:50","slug":"niemcy-planuja-zakaz-vapeow-mentolowych-zgodnie-z-projektem-przepisow-dotyczacych-srodkow-chlodzacych","status":"publish","type":"post","link":"https:\/\/clearingtheair.eu\/pl\/post\/niemcy-planuja-zakaz-vapeow-mentolowych-zgodnie-z-projektem-przepisow-dotyczacych-srodkow-chlodzacych\/","title":{"rendered":"Niemcy planuj\u0105 zakaz vape&#8217;\u00f3w mentolowych zgodnie z projektem przepis\u00f3w dotycz\u0105cych \u015brodk\u00f3w ch\u0142odz\u0105cych"},"content":{"rendered":"<div class=\"clear-before-content-2\" style=\"margin-top: 20px;margin-bottom: 20px;margin-left: auto;margin-right: auto;text-align: center;\" id=\"clear-3399899881\"><img src=\"https:\/\/clearingtheair.eu\/wp-content\/uploads\/2026\/04\/caafc5c68900198b80aee12c11b50184.avif\" alt=\"\"   style=\"display: inline-block;\" \/><\/div><div class=\"clear-after-content-2\" style=\"margin-top: 20px;margin-bottom: 20px;margin-left: auto;margin-right: auto;text-align: center;\" id=\"clear-102566551\"><img src=\"https:\/\/clearingtheair.eu\/wp-content\/uploads\/2026\/04\/caafc5c68900198b80aee12c11b50184.avif\" alt=\"\"   style=\"display: inline-block;\" \/><\/div>","protected":false},"excerpt":{"rendered":"","protected":false},"author":990005,"featured_media":34870,"comment_status":"open","ping_status":"open","sticky":false,"template":"","format":"standard","meta":{"footnotes":""},"categories":[286],"tags":[456,370,414],"slider":[],"class_list":["post-34878","post","type-post","status-publish","format-standard","has-post-thumbnail","hentry","category-aktualnosci","tag-niemcy","tag-nikotyna","tag-unia-europejska"],"_links":{"self":[{"href":"https:\/\/clearingtheair.eu\/pl\/wp-json\/wp\/v2\/posts\/34878","targetHints":{"allow":["GET"]}}],"collection":[{"href":"https:\/\/clearingtheair.eu\/pl\/wp-json\/wp\/v2\/posts"}],"about":[{"href":"https:\/\/clearingtheair.eu\/pl\/wp-json\/wp\/v2\/types\/post"}],"author":[{"embeddable":true,"href":"https:\/\/clearingtheair.eu\/pl\/wp-json\/wp\/v2\/users\/990005"}],"replies":[{"embeddable":true,"href":"https:\/\/clearingtheair.eu\/pl\/wp-json\/wp\/v2\/comments?post=34878"}],"version-history":[{"count":0,"href":"https:\/\/clearingtheair.eu\/pl\/wp-json\/wp\/v2\/posts\/34878\/revisions"}],"wp:featuredmedia":[{"embeddable":true,"href":"https:\/\/clearingtheair.eu\/pl\/wp-json\/wp\/v2\/media\/34870"}],"wp:attachment":[{"href":"https:\/\/clearingtheair.eu\/pl\/wp-json\/wp\/v2\/media?parent=34878"}],"wp:term":[{"taxonomy":"category","embeddable":true,"href":"https:\/\/clearingtheair.eu\/pl\/wp-json\/wp\/v2\/categories?post=34878"},{"taxonomy":"post_tag","embeddable":true,"href":"https:\/\/clearingtheair.eu\/pl\/wp-json\/wp\/v2\/tags?post=34878"},{"taxonomy":"slider","embeddable":true,"href":"https:\/\/clearingtheair.eu\/pl\/wp-json\/wp\/v2\/slider?post=34878"}],"curies":[{"name":"wp","href":"https:\/\/api.w.org\/{rel}","templated":true}]}}