{"id":39172,"date":"2026-06-26T08:34:38","date_gmt":"2026-06-26T08:34:38","guid":{"rendered":"https:\/\/clearingtheair.eu\/post\/szwedzki-minister-zdrowia-krytykuje-francuski-zakaz-stosowania-woreczkow-nazywajac-go-idiotycznym\/"},"modified":"2026-06-29T09:58:12","modified_gmt":"2026-06-29T09:58:12","slug":"szwedzki-minister-zdrowia-krytykuje-francuski-zakaz-stosowania-woreczkow-nazywajac-go-idiotycznym","status":"publish","type":"post","link":"https:\/\/clearingtheair.eu\/pl\/post\/szwedzki-minister-zdrowia-krytykuje-francuski-zakaz-stosowania-woreczkow-nazywajac-go-idiotycznym\/","title":{"rendered":"Szwedzki minister zdrowia krytykuje francuski zakaz stosowania woreczk\u00f3w, nazywaj\u0105c go \u201eidiotycznym\u201d"},"content":{"rendered":"<div class=\"clear-before-content-2\" style=\"margin-top: 20px;margin-bottom: 20px;margin-left: auto;margin-right: auto;text-align: center;\" id=\"clear-3947738543\"><a data-no-instant=\"1\" href=\"https:\/\/www.broughton-group.com\/nicotine?utm_campaign=43296353-Clearing%20the%20Air%20PPC%20Campaign%20-%202026&#038;utm_source=ppc&#038;utm_medium=Paid%20Ads\" rel=\"noopener\" class=\"a2t-link\" aria-label=\"728 x 90 (2)\"><img src=\"https:\/\/clearingtheair.eu\/wp-content\/uploads\/2026\/04\/728-x-90-2.png\" alt=\"\"  srcset=\"https:\/\/clearingtheair.eu\/wp-content\/uploads\/2026\/04\/728-x-90-2.png 728w, https:\/\/clearingtheair.eu\/wp-content\/uploads\/2026\/04\/728-x-90-2-300x37.png 300w, https:\/\/clearingtheair.eu\/wp-content\/uploads\/2026\/04\/728-x-90-2-370x46.png 370w, https:\/\/clearingtheair.eu\/wp-content\/uploads\/2026\/04\/728-x-90-2-600x74.png 600w\" sizes=\"(max-width: 728px) 100vw, 728px\" width=\"728\" height=\"90\"  style=\"display: inline-block;\" \/><\/a><\/div>\n<p class=\"wp-block-paragraph\"><strong>Szwedzki minister zdrowia skrytykowa\u0142 francuski zakaz stosowania saszetek z nikotyn\u0105, nazywaj\u0105c go \u201eidiotycznym\u201d, co zaostrzy\u0142o sp\u00f3r dotycz\u0105cy podej\u015bcia Europy do bezdymnych produkt\u00f3w nikotynowych.<\/strong><\/p>\n\n<p class=\"wp-block-paragraph\">Elisabeth Lann, szwedzka minister zdrowia, skrytykowa\u0142a francuski zakaz podczas wywiadu w szwedzkim podca\u015bcie po\u015bwi\u0119conym zdrowiu i stylowi \u017cycia \u201eH\u00e4lsa f\u00f6r oh\u00e4lsosamma\u201d.<\/p>\n\n<p class=\"wp-block-paragraph\">Wypowiedzi te sprawiaj\u0105, \u017ce krytyka Szwecji wobec polityki Francji przestaje dotyczy\u0107 wy\u0142\u0105cznie sporu handlowego, a staje si\u0119 szersz\u0105 dyskusj\u0105 na temat zdrowia publicznego i ograniczania szk\u00f3d.<\/p>\n\n<p class=\"wp-block-paragraph\">\u201eJe\u015bli spojrze\u0107 na to wy\u0142\u0105cznie z punktu widzenia zdrowia, uwa\u017cam za idiotyczne, \u017ce zezwalaj\u0105 na palenie i borykaj\u0105 si\u0119 z tak ogromnymi problemami zwi\u0105zanymi z paleniem, a potem bior\u0105 na celownik saszetki z nikotyn\u0105\u201d \u2013 powiedzia\u0142 Lann. \u201eTo naprawd\u0119 przyk\u0142ad szukania muchy w owsie, a prze\u0142ykania wielb\u0142\u0105da\u201d. <\/p>\n\n<p class=\"wp-block-paragraph\">Francuski zakaz wszed\u0142 w \u017cycie 1 kwietnia 2026 r. i obejmuje produkty nikotynowe do stosowania doustnego, w tym saszetki, kulki, p\u0142yny, gum\u0119 do \u017cucia, pastylki do ssania i paski.<\/p>\n\n<p class=\"wp-block-paragraph\">Rozporz\u0105dzenie wykracza poza zwyk\u0142e ograniczenia dotycz\u0105ce sprzeda\u017cy. Obejmuje ono r\u00f3wnie\u017c produkcj\u0119, transport, import, eksport, posiadanie, nabywanie, dystrybucj\u0119 oraz stosowanie na terytorium Francji. <\/p>\n\n<p class=\"wp-block-paragraph\">Oznacza to, \u017ce szwedzki turysta posiadaj\u0105cy saszetki z nikotyn\u0105, legalnie zakupione w swoim kraju, mo\u017ce zosta\u0107 poci\u0105gni\u0119ty do odpowiedzialno\u015bci karnej we Francji, podczas gdy papierosy s\u0105 tam nadal legalnie dost\u0119pne.<\/p>\n\n<h3 class=\"wp-block-heading\"><strong>Ograniczanie szk\u00f3d, a nie moralizm<\/strong><\/h3>\n\n<p class=\"wp-block-paragraph\">Lann stwierdzi\u0142a, \u017ce popiera strategi\u0119 ograniczania szk\u00f3d w polityce dotycz\u0105cej nikotyny, okre\u015blaj\u0105c j\u0105 jako \u201ejedyne rozs\u0105dne podej\u015bcie\u201d.<\/p>\n\n<p class=\"wp-block-paragraph\">Jej uwagi trafiaj\u0105 w sedno narastaj\u0105cego sporu w Europie dotycz\u0105cego regulacji dotycz\u0105cych nikotyny. Niekt\u00f3re rz\u0105dy podj\u0119\u0142y kroki w kierunku wprowadzenia zakazu lub znacznych ogranicze\u0144 dotycz\u0105cych saszetek z nikotyn\u0105, powo\u0142uj\u0105c si\u0119 na problem u\u017cywania tych produkt\u00f3w przez m\u0142odzie\u017c, dodatki smakowe, uzale\u017cnienie oraz raporty centr\u00f3w zatru\u0107. <\/p>\n\n<p class=\"wp-block-paragraph\">Zwolennicy strategii ograniczania szk\u00f3d twierdz\u0105, \u017ce takie dzia\u0142ania nios\u0105 ze sob\u0105 ryzyko traktowania wszystkich produkt\u00f3w nikotynowych tak, jakby wi\u0105za\u0142o si\u0119 z nimi takie samo ryzyko, pomimo znacznie wi\u0119kszych szk\u00f3d zwi\u0105zanych z paleniem tytoniu.<\/p>\n\n<p class=\"wp-block-paragraph\">Lann stwierdzi\u0142, \u017ce odmowa rozr\u00f3\u017cnienia mi\u0119dzy produktami grozi przekszta\u0142ceniem polityki zdrowia publicznego w moralizm zamiast w regulacje oparte na ocenie ryzyka.<\/p>\n\n<p class=\"wp-block-paragraph\">Skrytykowa\u0142a r\u00f3wnie\u017c to, co uzna\u0142a za przesadzone twierdzenia pojawiaj\u0105ce si\u0119 w debacie. Jak wynika z relacji z wywiadu opublikowanej przez Snusforumet, stwierdzi\u0142a, \u017ce niekt\u00f3rzy krytycy m\u00f3wi\u0105 o u\u017cywaniu saszetek przez m\u0142odzie\u017c tak, jakby prowadzi\u0142o to bezpo\u015brednio do \u015bmierci lub przest\u0119pczo\u015bci, podczas gdy niekt\u00f3rzy przedstawiciele bran\u017cy posuwaj\u0105 si\u0119 zbyt daleko, przedstawiaj\u0105c si\u0119 jako wybawcy zdrowia publicznego. <\/p>\n\n<blockquote class=\"wp-block-quote is-layout-flow wp-block-quote-is-layout-flow\">\n<p class=\"wp-block-paragraph\">\u201eWiemy, \u017ce palenie papieros\u00f3w jest o wiele bardziej niebezpieczne ni\u017c u\u017cywanie snusu\u201d \u2013 powiedzia\u0142 Lann.<\/p>\n<\/blockquote>\n\n<p class=\"wp-block-paragraph\">Szwecja ma jeden z najni\u017cszych wska\u017anik\u00f3w palenia w Europie. Odsetek os\u00f3b pal\u0105cych codziennie wynosi obecnie poni\u017cej pi\u0119ciu procent, co szwedzcy politycy i zwolennicy strategii ograniczania szk\u00f3d cz\u0119sto wi\u0105\u017c\u0105 z dost\u0119pno\u015bci\u0105 produkt\u00f3w nikotynowych do stosowania doustnego, takich jak snus. <\/p>\n\n<p class=\"wp-block-paragraph\">Saszetki z nikotyn\u0105 r\u00f3\u017cni\u0105 si\u0119 od snusu tym, \u017ce nie zawieraj\u0105 tytoniu, ale oba produkty stosuje si\u0119 doustnie i bez spalania.<\/p>\n\n<h3 class=\"wp-block-heading\"><strong>Zakaz wprowadzony przez Francj\u0119 ju\u017c wzbudzi\u0142 oburzenie Szwecji<\/strong><\/h3>\n\n<p class=\"wp-block-paragraph\">Wypowied\u017a Lanna jest odpowiedzi\u0105 na <a href=\"https:\/\/clearingtheair.eu\/en\/post\/sweden-blasts-frances-absurd-pouch-ban\/\">wcze\u015bniejsz\u0105 krytyk\u0119<\/a> ze strony szwedzkiego ministra handlu Benjamina Dousy, kt\u00f3ry oskar\u017cy\u0142 Francj\u0119 o atak na szwedzk\u0105 kultur\u0119 i naruszenie ducha jednolitego rynku UE.<\/p>\n\n<p class=\"wp-block-paragraph\">\u201eTo tak, jakby\u015bmy w Szwecji zakazali sprzeda\u017cy francuskich bagietek lub francuskiego wina\u201d \u2013 powiedzia\u0142 Dousa w rozmowie z \u201eFinancial Times\u201d. \u201eTo absurd\u201d. <\/p>\n\n<p class=\"wp-block-paragraph\">Francuskie przepisy wzbudzi\u0142y niepok\u00f3j w Szwecji, poniewa\u017c dotycz\u0105 nie tylko dostaw komercyjnych, ale tak\u017ce posiadania i u\u017cywania.<\/p>\n\n<p class=\"wp-block-paragraph\">Zgodnie z tym dekretem osoba posiadaj\u0105ca w Francji saszetki z nikotyn\u0105 mo\u017ce zosta\u0107 ukarana, jak podaj\u0105 \u017ar\u00f3d\u0142a, kar\u0105 pozbawienia wolno\u015bci do pi\u0119ciu lat oraz grzywn\u0105 w wysoko\u015bci 375 000 euro, w zale\u017cno\u015bci od rodzaju wykroczenia.<\/p>\n\n<p class=\"wp-block-paragraph\">Szwecja jest jednym z siedmiu kraj\u00f3w, kt\u00f3re zg\u0142osi\u0142y oficjalne zastrze\u017cenia dotycz\u0105ce tego, czy francuski zakaz stwarza nieuzasadnione bariery na jednolitym rynku UE.<\/p>\n\n<h3 class=\"wp-block-heading\"><strong>Europa podzielona w kwestii woreczk\u00f3w<\/strong><\/h3>\n\n<p class=\"wp-block-paragraph\">Saszetki z nikotyn\u0105 nie s\u0105 obecnie obj\u0119te unijnymi przepisami dotycz\u0105cymi kontroli tytoniu w taki sam spos\u00f3b jak papierosy, e-papierosy czy snus.<\/p>\n\n<p class=\"wp-block-paragraph\">W zwi\u0105zku z tym pa\u0144stwa cz\u0142onkowskie przyj\u0119\u0142y r\u00f3\u017cne podej\u015bcia. Belgia i Holandia wprowadzi\u0142y zakaz sprzeda\u017cy, podczas gdy inne kraje, w tym Finlandia, zdecydowa\u0142y si\u0119 na zaostrzenie przepis\u00f3w. <\/p>\n\n<p class=\"wp-block-paragraph\">Francja posz\u0142a o krok dalej, skupiaj\u0105c si\u0119 na ca\u0142ym \u0142a\u0144cuchu produkcji, transportu, importu, posiadania i u\u017cytkowania.<\/p>\n\n<p class=\"wp-block-paragraph\">W\u0142adze francuskie twierdz\u0105, \u017ce \u015brodek ten jest konieczny w celu ochrony zdrowia publicznego, a zw\u0142aszcza m\u0142odzie\u017cy. W zg\u0142oszeniu skierowanym do Komisji Europejskiej Francja powo\u0142a\u0142a si\u0119 na obawy zwi\u0105zane z uzale\u017cnieniem od nikotyny, atrakcyjno\u015bci\u0105 produktu dla m\u0142odzie\u017cy, aromatami, marketingiem oraz zg\u0142oszeniami do o\u015brodk\u00f3w kontroli zatru\u0107. <\/p>\n\n<p class=\"wp-block-paragraph\">Rz\u0105d francuski stwierdzi\u0142 r\u00f3wnie\u017c, \u017ce saszetki z nikotyn\u0105 nie podlegaj\u0105 regulacjom na szczeblu UE oraz \u017ce zamierza podj\u0105\u0107 dzia\u0142ania \u201enie czekaj\u0105c na ewentualn\u0105 zmian\u0119 dyrektyw europejskich\u201d.<\/p>\n\n<h3 class=\"wp-block-heading\"><strong>Coraz wi\u0119ksza debata na temat polityki dotycz\u0105cej nikotyny<\/strong><\/h3>\n\n<p class=\"wp-block-paragraph\">Sp\u00f3r ten ma miejsce w momencie, gdy Bruksela dokonuje przegl\u0105du dyrektywy w sprawie wyrob\u00f3w tytoniowych, kt\u00f3ra obowi\u0105zuje od 2016 roku i okre\u015bla unijne przepisy dotycz\u0105ce wyrob\u00f3w tytoniowych oraz produkt\u00f3w pokrewnych.<\/p>\n\n<p class=\"wp-block-paragraph\">Komisja Europejska przyzna\u0142a ju\u017c, \u017ce pa\u0144stwa cz\u0142onkowskie stosuj\u0105 r\u00f3\u017cne podej\u015bcia do saszetek z nikotyn\u0105, od ca\u0142kowitych zakaz\u00f3w po ograniczenia zawarto\u015bci nikotyny, przepisy dotycz\u0105ce etykietowania, ograniczenia reklamowe oraz kontrole wieku.<\/p>\n\n<p class=\"wp-block-paragraph\">Dla Szwecji kwestia ta ma charakter politycznie wra\u017cliwy. Kiedy w 1995 roku kraj ten przyst\u0105pi\u0142 do UE, uzyska\u0142 wy\u0142\u0105czenie, dzi\u0119ki kt\u00f3remu snus pozosta\u0142 legalny w Szwecji pomimo og\u00f3lnego zakazu jego sprzeda\u017cy obowi\u0105zuj\u0105cego w Unii. <\/p>\n\n<p class=\"wp-block-paragraph\">Zwolnienie to nie ma automatycznego zastosowania do beztytoniowych saszetek nikotynowych. Jednak niski wska\u017anik palenia w Szwecji sprawi\u0142, \u017ce kraj ten sta\u0142 si\u0119 centralnym punktem europejskiej debaty na temat tego, czy polityka zdrowia publicznego powinna skupia\u0107 si\u0119 na samym u\u017cywaniu nikotyny, czy te\u017c na wzgl\u0119dnym ryzyku zwi\u0105zanym z r\u00f3\u017cnymi produktami. <\/p>\n<div class=\"clear-after-content\" style=\"margin-top: 20px;margin-bottom: 20px;margin-left: auto;margin-right: auto;text-align: center;\" id=\"clear-2156242390\"><a data-no-instant=\"1\" href=\"https:\/\/www.broughton-group.com\/nicotine?utm_campaign=43296353-Clearing%20the%20Air%20PPC%20Campaign%20-%202026&#038;utm_source=ppc&#038;utm_medium=Paid%20Ads\" rel=\"noopener\" class=\"a2t-link\" aria-label=\"728 x 90 (2)\"><img src=\"https:\/\/clearingtheair.eu\/wp-content\/uploads\/2026\/04\/728-x-90-2.png\" alt=\"\"  srcset=\"https:\/\/clearingtheair.eu\/wp-content\/uploads\/2026\/04\/728-x-90-2.png 728w, https:\/\/clearingtheair.eu\/wp-content\/uploads\/2026\/04\/728-x-90-2-300x37.png 300w, https:\/\/clearingtheair.eu\/wp-content\/uploads\/2026\/04\/728-x-90-2-370x46.png 370w, https:\/\/clearingtheair.eu\/wp-content\/uploads\/2026\/04\/728-x-90-2-600x74.png 600w\" sizes=\"(max-width: 728px) 100vw, 728px\" width=\"728\" height=\"90\"  style=\"display: inline-block;\" \/><\/a><\/div>","protected":false},"excerpt":{"rendered":"<p>Szwedzki minister zdrowia skrytykowa\u0142 francuski zakaz stosowania saszetek z nikotyn\u0105, nazywaj\u0105c go \u201eidiotycznym\u201d, co zaostrzy\u0142o sp\u00f3r dotycz\u0105cy podej\u015bcia Europy do bezdymnych produkt\u00f3w nikotynowych. Elisabeth Lann, szwedzka minister zdrowia, skrytykowa\u0142a francuski zakaz podczas wywiadu w szwedzkim podca\u015bcie po\u015bwi\u0119conym zdrowiu i stylowi \u017cycia \u201eH\u00e4lsa&hellip;<\/p>\n","protected":false},"author":990005,"featured_media":39125,"comment_status":"open","ping_status":"open","sticky":false,"template":"","format":"standard","meta":{"footnotes":""},"categories":[286],"tags":[429,447,370,490,415],"slider":[],"class_list":["post-39172","post","type-post","status-publish","format-standard","has-post-thumbnail","hentry","category-aktualnosci","tag-belgia","tag-francja","tag-nikotyna","tag-styl-zycia","tag-szwecja"],"_links":{"self":[{"href":"https:\/\/clearingtheair.eu\/pl\/wp-json\/wp\/v2\/posts\/39172","targetHints":{"allow":["GET"]}}],"collection":[{"href":"https:\/\/clearingtheair.eu\/pl\/wp-json\/wp\/v2\/posts"}],"about":[{"href":"https:\/\/clearingtheair.eu\/pl\/wp-json\/wp\/v2\/types\/post"}],"author":[{"embeddable":true,"href":"https:\/\/clearingtheair.eu\/pl\/wp-json\/wp\/v2\/users\/990005"}],"replies":[{"embeddable":true,"href":"https:\/\/clearingtheair.eu\/pl\/wp-json\/wp\/v2\/comments?post=39172"}],"version-history":[{"count":1,"href":"https:\/\/clearingtheair.eu\/pl\/wp-json\/wp\/v2\/posts\/39172\/revisions"}],"predecessor-version":[{"id":39183,"href":"https:\/\/clearingtheair.eu\/pl\/wp-json\/wp\/v2\/posts\/39172\/revisions\/39183"}],"wp:featuredmedia":[{"embeddable":true,"href":"https:\/\/clearingtheair.eu\/pl\/wp-json\/wp\/v2\/media\/39125"}],"wp:attachment":[{"href":"https:\/\/clearingtheair.eu\/pl\/wp-json\/wp\/v2\/media?parent=39172"}],"wp:term":[{"taxonomy":"category","embeddable":true,"href":"https:\/\/clearingtheair.eu\/pl\/wp-json\/wp\/v2\/categories?post=39172"},{"taxonomy":"post_tag","embeddable":true,"href":"https:\/\/clearingtheair.eu\/pl\/wp-json\/wp\/v2\/tags?post=39172"},{"taxonomy":"slider","embeddable":true,"href":"https:\/\/clearingtheair.eu\/pl\/wp-json\/wp\/v2\/slider?post=39172"}],"curies":[{"name":"wp","href":"https:\/\/api.w.org\/{rel}","templated":true}]}}