{"id":40360,"date":"2026-08-14T08:39:59","date_gmt":"2026-08-14T08:39:59","guid":{"rendered":"https:\/\/clearingtheair.eu\/post\/bezpieczniejsze-e-papierosy-w-wiezieniach-ograniczaja-liczbe-pozarow-a-irlandia-walczy-z-biernym-paleniem\/"},"modified":"2026-08-14T08:40:43","modified_gmt":"2026-08-14T08:40:43","slug":"bezpieczniejsze-e-papierosy-w-wiezieniach-ograniczaja-liczbe-pozarow-a-irlandia-walczy-z-biernym-paleniem","status":"publish","type":"post","link":"https:\/\/clearingtheair.eu\/pl\/post\/bezpieczniejsze-e-papierosy-w-wiezieniach-ograniczaja-liczbe-pozarow-a-irlandia-walczy-z-biernym-paleniem\/","title":{"rendered":"Bezpieczniejsze e-papierosy w wi\u0119zieniach ograniczaj\u0105 liczb\u0119 po\u017car\u00f3w, a Irlandia walczy z biernym paleniem"},"content":{"rendered":"<div class=\"clear-before-content-2\" style=\"margin-top: 20px;margin-bottom: 20px;margin-left: auto;margin-right: auto;text-align: center;\" id=\"clear-141880615\"><a data-no-instant=\"1\" href=\"https:\/\/www.broughton-group.com\/nicotine?utm_campaign=43296353-Clearing%20the%20Air%20PPC%20Campaign%20-%202026&#038;utm_source=ppc&#038;utm_medium=Paid%20Ads\" rel=\"noopener\" class=\"a2t-link\" aria-label=\"728 x 90 (2)\"><img src=\"https:\/\/clearingtheair.eu\/wp-content\/uploads\/2026\/04\/728-x-90-2.png\" alt=\"\"  srcset=\"https:\/\/clearingtheair.eu\/wp-content\/uploads\/2026\/04\/728-x-90-2.png 728w, https:\/\/clearingtheair.eu\/wp-content\/uploads\/2026\/04\/728-x-90-2-300x37.png 300w, https:\/\/clearingtheair.eu\/wp-content\/uploads\/2026\/04\/728-x-90-2-370x46.png 370w, https:\/\/clearingtheair.eu\/wp-content\/uploads\/2026\/04\/728-x-90-2-600x74.png 600w\" sizes=\"(max-width: 728px) 100vw, 728px\" width=\"728\" height=\"90\"  style=\"display: inline-block;\" \/><\/a><\/div>\n<p class=\"wp-block-paragraph\"><strong>Specjalnie zaprojektowany e-papieros, wprowadzony w zak\u0142adach karnych w ca\u0142ej Anglii i Walii, przyczyni\u0142 si\u0119 do zmniejszenia liczby po\u017car\u00f3w o 46 procent, podczas gdy w\u0142adze w Irlandii rozwa\u017caj\u0105, czy korzystanie z e-papieros\u00f3w mog\u0142oby r\u00f3wnie\u017c ograniczy\u0107 nara\u017cenie personelu wi\u0119ziennego na bierne palenie.<\/strong><\/p>\n\n<p class=\"wp-block-paragraph\">Inicjatywy te stanowi\u0105 nietypowy przyk\u0142ad wykorzystania przez w\u0142adze wi\u0119zienne e-papieros\u00f3w w celu rozwi\u0105zania dw\u00f3ch odr\u0119bnych problem\u00f3w wynikaj\u0105cych z palenia tytoniu i za\u017cywania nikotyny w zak\u0142adach karnych.<\/p>\n\n<p class=\"wp-block-paragraph\">W Anglii i Walii opracowano urz\u0105dzenie \u201eMoja Safer Vape Pen\u201d po tym, jak odkryto, \u017ce wi\u0119\u017aniowie rozbierali na cz\u0119\u015bci zwyk\u0142e urz\u0105dzenia do wapowania, aby dosta\u0107 si\u0119 do element\u00f3w grzewczych, kt\u00f3re mog\u0142yby pos\u0142u\u017cy\u0107 do wzniecenia po\u017caru.<\/p>\n\n<p class=\"wp-block-paragraph\">Tymczasem w wi\u0119zieniu Wheatfield w Dublinie w\u0142adze przeprowadzi\u0142y dochodzenie w sprawie specjalnie zaprojektowanego brytyjskiego e-papierosa przeznaczonego do u\u017cytku w wi\u0119zieniach po tym, jak badania powietrza wykaza\u0142y st\u0119\u017cenie nikotyny zbli\u017cone do dopuszczalnego poziomu nara\u017cenia zawodowego w miejscach, w kt\u00f3rych pracownicy skar\u017cyli si\u0119 na bierne palenie.<\/p>\n\n<h3 class=\"wp-block-heading\"><strong>Liczba po\u017car\u00f3w zwi\u0105zanych z e-papierosami gwa\u0142townie spad\u0142a<\/strong><\/h3>\n\n<p class=\"wp-block-paragraph\">Od wrze\u015bnia 2018 r. w wi\u0119zieniach w Anglii i Walii obowi\u0105zuje zakaz palenia, a osadzeni maj\u0105 do dyspozycji e-papierosy jako alternatyw\u0119 dla papieros\u00f3w. Z opublikowanego w tym roku <a href=\"https:\/\/www.gov.uk\/government\/publications\/the-health-of-people-in-prison-on-probation-and-in-the-secure-nhs-estate-in-england\/executive-summary-and-recommendations\" rel=\"nofollow noopener\" target=\"_blank\">raportu rz\u0105dowego<\/a> wynika, \u017ce e-papierosy sta\u0142y si\u0119 preferowan\u0105 opcj\u0105 dla wielu osadzonych, kt\u00f3rzy wcze\u015bniej palili. <\/p>\n\n<p class=\"wp-block-paragraph\">Jednak zwyk\u0142e vape\u2019y stworzy\u0142y nieoczekiwany problem zwi\u0105zany z bezpiecze\u0144stwem, poniewa\u017c mo\u017cna je by\u0142o rozmontowa\u0107, a ich elementy grzewcze wykorzysta\u0107 do celowego wzniecenia po\u017caru.<\/p>\n\n<p class=\"wp-block-paragraph\">Brytyjska S\u0142u\u017cba Wi\u0119zienna i Kuratorska (HM Prison and Probation Service) wsp\u00f3\u0142pracowa\u0142a z producentem e-papieros\u00f3w Moja nad opracowaniem urz\u0105dzenia przeznaczonego specjalnie dla wi\u0119zie\u0144. Przedstawiciele s\u0142u\u017cby poinformowali <a href=\"https:\/\/committees.parliament.uk\/oralevidence\/17738\/html\/\" rel=\"nofollow noopener\" target=\"_blank\">komisj\u0119 \u015bledcz\u0105 Izby Lord\u00f3w<\/a>, \u017ce urz\u0105dzenie to zosta\u0142o zaprojektowane tak, by ulega\u0142o zniszczeniu, gdy osadzeni pr\u00f3buj\u0105 je rozebra\u0107 w celu dotarcia do rozgrzanej cewki. <\/p>\n\n<p class=\"wp-block-paragraph\">Produkt zosta\u0142 wprowadzony we wszystkich zak\u0142adach karnych po przeprowadzeniu test\u00f3w w 2025 roku.<\/p>\n\n<p class=\"wp-block-paragraph\"><a href=\"https:\/\/committees.parliament.uk\/writtenevidence\/167568\/html\/\" rel=\"nofollow noopener\" target=\"_blank\">Z materia\u0142\u00f3w przedstawionych parlamentowi przez Ministerstwo Sprawiedliwo\u015bci<\/a> wynika, \u017ce urz\u0105dzenie \u201eSafer Vape Pen\u201d przyczyni\u0142o si\u0119 do 46-procentowego spadku og\u00f3lnej liczby po\u017car\u00f3w w zak\u0142adach karnych w okresie od maja 2025 r. do maja 2026 r. Szacuje si\u0119, \u017ce oko\u0142o 95 procent po\u017car\u00f3w w zak\u0142adach karnych jest podpalanych celowo. <\/p>\n\n<p class=\"wp-block-paragraph\">Spadek liczby po\u017car\u00f3w zwi\u0105zanych z e-papierosami by\u0142 jeszcze bardziej wyra\u017any. Komisja ds. Sprawiedliwo\u015bci i Spraw Wewn\u0119trznych Izby Lord\u00f3w <a href=\"https:\/\/committees.parliament.uk\/oralevidence\/17874\/html\/\" rel=\"nofollow noopener\" target=\"_blank\">dowiedzia\u0142a si\u0119<\/a>, \u017ce w pierwszych pi\u0119ciu miesi\u0105cach 2026 roku odnotowano zaledwie 36 po\u017car\u00f3w zwi\u0105zanych z e-papierosami, w por\u00f3wnaniu z 2 034 w ca\u0142ym 2025 roku. <\/p>\n\n<p class=\"wp-block-paragraph\">Minister ds. wi\u0119ziennictwa, lord Timpson, powiedzia\u0142 przed komisj\u0105: \u201eSpadek liczby po\u017car\u00f3w wywo\u0142anych przez e-papierosy to naprawd\u0119 dobra wiadomo\u015b\u0107\u201d.<\/p>\n\n<p class=\"wp-block-paragraph\">Doda\u0142: \u201eOsobi\u015bcie nie uwa\u017cam, \u017ce w wi\u0119zieniach nale\u017cy zakaza\u0107 u\u017cywania e-papieros\u00f3w, ale musimy nadal przygl\u0105da\u0107 si\u0119 tej kwestii\u201d.<\/p>\n\n<h3 class=\"wp-block-heading\"><strong>Irlandia rozwa\u017ca wprowadzenie w\u0142asnego e-papierosa w wi\u0119zieniach<\/strong><\/h3>\n\n<p class=\"wp-block-paragraph\">Sytuacja w Irlandii wygl\u0105da inaczej. Pracownicy wi\u0119zienia Wheatfield w Dublinie zg\u0142osili obawy zwi\u0105zane z wdychaniem biernego dymu papierosowego, co sk\u0142oni\u0142o Urz\u0105d ds. Zdrowia i Bezpiecze\u0144stwa do zbadania jako\u015bci powietrza. <\/p>\n\n<p class=\"wp-block-paragraph\">W trzech lokalizacjach, w kt\u00f3rych pracownicy zg\u0142osili problemy, zlecono przeprowadzenie niezale\u017cnych pomiar\u00f3w st\u0119\u017cenia nikotyny. Zgodnie z dokumentacj\u0105 uzyskan\u0105 przez gazet\u0119 \u201eIrish Examiner\u201d na podstawie ustawy o wolno\u015bci informacji badania wykaza\u0142y, \u017ce st\u0119\u017cenie by\u0142o jedynie o 4,1 procent ni\u017csze od dopuszczalnego poziomu nara\u017cenia zawodowego. Podobne badania przeprowadzone w 2023 roku r\u00f3wnie\u017c wykaza\u0142y st\u0119\u017cenie tylko nieznacznie poni\u017cej tego limitu.  <\/p>\n\n<p class=\"wp-block-paragraph\">Irlandzka S\u0142u\u017cba Wi\u0119zienna wprowadzi\u0142a w zak\u0142adzie karnym Wheatfield program rzucania palenia i rozwa\u017ca\u0142a ograniczenie dost\u0119pno\u015bci wyrob\u00f3w tytoniowych oraz produkt\u00f3w do wapowania w sklepach wi\u0119ziennych.<\/p>\n\n<p class=\"wp-block-paragraph\">Z dokument\u00f3w uzyskanych przez \u201eIrish Examiner\u201d wynika, \u017ce urz\u0119dnicy skontaktowali si\u0119 r\u00f3wnie\u017c ze swoimi brytyjskimi odpowiednikami w sprawie e-papierosa opracowanego specjalnie dla wi\u0119zie\u0144. Produkt ten mia\u0142 zapewni\u0107 wi\u0119ksze bezpiecze\u0144stwo w warunkach pozbawienia wolno\u015bci i wykorzystywa\u0142 zmodyfikowan\u0105 receptur\u0119 e-p\u0142ynu, maj\u0105c\u0105 na celu wytwarzanie mniejszej ilo\u015bci opar\u00f3w. <\/p>\n\n<p class=\"wp-block-paragraph\">Z dokument\u00f3w nie wynika, czy chodzi\u0142o o ten sam model \u201eMoja Safer Vape Pen\u201d, kt\u00f3ry jest obecnie u\u017cywany w ca\u0142ej Anglii i Walii.<\/p>\n\n<p class=\"wp-block-paragraph\">W odpowiedzi na obawy personelu zak\u0142ad karny Wheatfield zmodernizowa\u0142 ju\u017c sw\u00f3j system wentylacyjny, wprowadzaj\u0105c wentylatory, kt\u00f3re pomagaj\u0105 przewietrzy\u0107 pomieszczenia przed otwarciem cel osadzonych.<\/p>\n\n<p class=\"wp-block-paragraph\">Wi\u0119\u017aniom zalecano r\u00f3wnie\u017c korzystanie z jednego zatwierdzonego produktu do wapowania, podczas gdy w\u0142adze rozwa\u017ca\u0142y zniesienie wyznaczonych \u201edni tytoniowych\u201d w wi\u0119ziennych sklepach oraz dalsze ograniczenie asortymentu dost\u0119pnych wyrob\u00f3w tytoniowych i produkt\u00f3w do wapowania.<\/p>\n\n<p class=\"wp-block-paragraph\">E-papierosy staj\u0105 si\u0119 cz\u0119\u015bci\u0105 programu ograniczania szk\u00f3d w wi\u0119zieniach<\/p>\n\n<p class=\"wp-block-paragraph\">Do\u015bwiadczenia Wielkiej Brytanii pokazuj\u0105, dlaczego w\u0142adze wi\u0119zienne niech\u0119tnie podchodz\u0105 do kwestii zwyk\u0142ego wycofania e-papieros\u00f3w.<\/p>\n\n<p class=\"wp-block-paragraph\">W Anglii i Walii zacz\u0119to wprowadza\u0107 produkty do wapowania w miar\u0119 jak zak\u0142ady karne stawa\u0142y si\u0119 obiektami wolnymi od dymu tytoniowego, cz\u0119\u015bciowo po to, by zapewni\u0107 pal\u0105cym osadzonym praktyczn\u0105 alternatyw\u0119. Polityka rz\u0105du nadal przewiduje stosowanie produkt\u00f3w do wapowania i nikotynowej terapii zast\u0119pczej jako uzupe\u0142nienie wsparcia w rzucaniu palenia. <\/p>\n\n<p class=\"wp-block-paragraph\">Pierwotne urz\u0105dzenia do wapowania sta\u0142y si\u0119 nast\u0119pnie g\u0142\u00f3wnym \u017ar\u00f3d\u0142em zap\u0142onu w przypadku celowych podpale\u0144, co sk\u0142oni\u0142o w\u0142adze do opracowania specjalnego projektu dostosowanego do warunk\u00f3w wi\u0119ziennych, zamiast powrotu do papieros\u00f3w lub ca\u0142kowitego zakazu wapowania.<\/p>\n\n<p class=\"wp-block-paragraph\">Przypadek irlandzki przedstawia t\u0119 kwesti\u0119 z innej perspektywy \u2013 urz\u0119dnicy analizuj\u0105, czy \u015bci\u015blej kontrolowane u\u017cywanie e-papieros\u00f3w w wi\u0119zieniach mog\u0142oby stanowi\u0107 element dzia\u0142a\u0144 maj\u0105cych na celu ograniczenie nara\u017cenia na dym papierosowy, przy jednoczesnym uwzgl\u0119dnieniu kwestii bezpiecze\u0144stwa.<\/p>\n\n<p class=\"wp-block-paragraph\">W uj\u0119ciu ca\u0142o\u015bciowym oba przypadki pokazuj\u0105, \u017ce s\u0142u\u017cby wi\u0119zienne staraj\u0105 si\u0119 radzi\u0107 sobie ze szczeg\u00f3lnymi wyzwaniami zwi\u0105zanymi z u\u017cywaniem nikotyny w zak\u0142adach karnych poprzez dostosowywanie produkt\u00f3w do wapowania, zamiast polega\u0107 wy\u0142\u0105cznie na zakazach.<\/p>\n\n<p class=\"wp-block-paragraph\"><\/p>\n<div class=\"clear-after-content\" style=\"margin-top: 20px;margin-bottom: 20px;margin-left: auto;margin-right: auto;text-align: center;\" id=\"clear-1792282233\"><a data-no-instant=\"1\" href=\"https:\/\/www.broughton-group.com\/nicotine?utm_campaign=43296353-Clearing%20the%20Air%20PPC%20Campaign%20-%202026&#038;utm_source=ppc&#038;utm_medium=Paid%20Ads\" rel=\"noopener\" class=\"a2t-link\" aria-label=\"728 x 90 (2)\"><img src=\"https:\/\/clearingtheair.eu\/wp-content\/uploads\/2026\/04\/728-x-90-2.png\" alt=\"\"  srcset=\"https:\/\/clearingtheair.eu\/wp-content\/uploads\/2026\/04\/728-x-90-2.png 728w, https:\/\/clearingtheair.eu\/wp-content\/uploads\/2026\/04\/728-x-90-2-300x37.png 300w, https:\/\/clearingtheair.eu\/wp-content\/uploads\/2026\/04\/728-x-90-2-370x46.png 370w, https:\/\/clearingtheair.eu\/wp-content\/uploads\/2026\/04\/728-x-90-2-600x74.png 600w\" sizes=\"(max-width: 728px) 100vw, 728px\" width=\"728\" height=\"90\"  style=\"display: inline-block;\" \/><\/a><\/div>","protected":false},"excerpt":{"rendered":"<p>Specjalnie zaprojektowany e-papieros, wprowadzony w zak\u0142adach karnych w ca\u0142ej Anglii i Walii, przyczyni\u0142 si\u0119 do zmniejszenia liczby po\u017car\u00f3w o 46 procent, podczas gdy w\u0142adze w Irlandii rozwa\u017caj\u0105, czy korzystanie z e-papieros\u00f3w mog\u0142oby r\u00f3wnie\u017c ograniczy\u0107 nara\u017cenie personelu wi\u0119ziennego na bierne palenie. Inicjatywy te&hellip;<\/p>\n","protected":false},"author":990005,"featured_media":40343,"comment_status":"open","ping_status":"open","sticky":false,"template":"","format":"standard","meta":{"footnotes":""},"categories":[286],"tags":[398,370,491,445],"slider":[],"class_list":["post-40360","post","type-post","status-publish","format-standard","has-post-thumbnail","hentry","category-aktualnosci","tag-irlandia","tag-nikotyna","tag-walia","tag-wiadomosci"],"_links":{"self":[{"href":"https:\/\/clearingtheair.eu\/pl\/wp-json\/wp\/v2\/posts\/40360","targetHints":{"allow":["GET"]}}],"collection":[{"href":"https:\/\/clearingtheair.eu\/pl\/wp-json\/wp\/v2\/posts"}],"about":[{"href":"https:\/\/clearingtheair.eu\/pl\/wp-json\/wp\/v2\/types\/post"}],"author":[{"embeddable":true,"href":"https:\/\/clearingtheair.eu\/pl\/wp-json\/wp\/v2\/users\/990005"}],"replies":[{"embeddable":true,"href":"https:\/\/clearingtheair.eu\/pl\/wp-json\/wp\/v2\/comments?post=40360"}],"version-history":[{"count":1,"href":"https:\/\/clearingtheair.eu\/pl\/wp-json\/wp\/v2\/posts\/40360\/revisions"}],"predecessor-version":[{"id":40363,"href":"https:\/\/clearingtheair.eu\/pl\/wp-json\/wp\/v2\/posts\/40360\/revisions\/40363"}],"wp:featuredmedia":[{"embeddable":true,"href":"https:\/\/clearingtheair.eu\/pl\/wp-json\/wp\/v2\/media\/40343"}],"wp:attachment":[{"href":"https:\/\/clearingtheair.eu\/pl\/wp-json\/wp\/v2\/media?parent=40360"}],"wp:term":[{"taxonomy":"category","embeddable":true,"href":"https:\/\/clearingtheair.eu\/pl\/wp-json\/wp\/v2\/categories?post=40360"},{"taxonomy":"post_tag","embeddable":true,"href":"https:\/\/clearingtheair.eu\/pl\/wp-json\/wp\/v2\/tags?post=40360"},{"taxonomy":"slider","embeddable":true,"href":"https:\/\/clearingtheair.eu\/pl\/wp-json\/wp\/v2\/slider?post=40360"}],"curies":[{"name":"wp","href":"https:\/\/api.w.org\/{rel}","templated":true}]}}